{"id":3765,"date":"2023-07-14T10:50:39","date_gmt":"2023-07-14T08:50:39","guid":{"rendered":"http:\/\/www.gcmennecy.fr\/?p=3765"},"modified":"2024-06-04T17:20:55","modified_gmt":"2024-06-04T15:20:55","slug":"inscription-saison-2023-2024","status":"publish","type":"post","link":"https:\/\/www.gcmennecy.fr\/index.php\/2023\/07\/14\/inscription-saison-2023-2024\/","title":{"rendered":"Inscription &#8211; Saison 2023\/2024"},"content":{"rendered":"<p>Les inscriptions pour la saison prochaine sont ouvertes ! \u2728<\/p>\n<p>Nous vous invitons \u00e0 inscrire votre enfant d\u00e8s maintenant, les places partent tr\u00e8s vite !<\/p>\n<p><a href=\"http:\/\/gcmennecy.fr\/wp-content\/uploads\/2023\/07\/PLANNING-2023-2024-GCM-V2-1.pdf\">PLANNING 2023 2024<\/a><\/p>\n<p><img loading=\"lazy\" decoding=\"async\" class=\"alignnone size-full wp-image-3768\" src=\"http:\/\/gcmennecy.fr\/wp-content\/uploads\/2023\/07\/Capture-decran-2023-07-13-a-19.30.58.png\" alt=\"\" width=\"2264\" height=\"994\" srcset=\"https:\/\/gcmennecy.fr\/wp-content\/uploads\/2023\/07\/Capture-decran-2023-07-13-a-19.30.58.png 2264w, https:\/\/gcmennecy.fr\/wp-content\/uploads\/2023\/07\/Capture-decran-2023-07-13-a-19.30.58-300x132.png 300w, https:\/\/gcmennecy.fr\/wp-content\/uploads\/2023\/07\/Capture-decran-2023-07-13-a-19.30.58-1024x450.png 1024w, https:\/\/gcmennecy.fr\/wp-content\/uploads\/2023\/07\/Capture-decran-2023-07-13-a-19.30.58-768x337.png 768w, https:\/\/gcmennecy.fr\/wp-content\/uploads\/2023\/07\/Capture-decran-2023-07-13-a-19.30.58-1536x674.png 1536w, https:\/\/gcmennecy.fr\/wp-content\/uploads\/2023\/07\/Capture-decran-2023-07-13-a-19.30.58-2048x899.png 2048w\" sizes=\"auto, (max-width: 2264px) 100vw, 2264px\" \/><\/p>\n<div><strong><a href=\"http:\/\/gcmennecy.fr\/wp-content\/uploads\/2023\/07\/DOCUMENTS-DINSCRIPTION.pdf\">DOCUMENTS D&rsquo;INSCRIPTION<\/a>\u00a0\u00e0 t\u00e9l\u00e9charger <\/strong>(conditions\u00a0d&rsquo;inscription, certificat m\u00e9dical, fiche comptable &amp; tarifs)<\/div>\n<div>\n<hr \/>\n<\/div>\n<div><\/div>\n<div><\/div>\n<div><\/div>\n<div><span style=\"color: #000080;\"><strong>\u2022 INSCRIPTION SUR LA PLATEFORME &#8211; MONCLUB<\/strong><\/span><\/div>\n<div><\/div>\n<div>1. Sur internet, via le lien suivant :<\/div>\n<div><\/div>\n<div>2. Sur mobile, en t\u00e9l\u00e9chargeant l&rsquo;application MonClub, et en renseignant le code Club \u2018GCMENNECY\u2019<\/div>\n<div>\n<hr \/>\n<\/div>\n<div><\/div>\n<div><\/div>\n<div><strong>R\u00c8GLEMENT<\/strong><\/div>\n<div><\/div>\n<div>Votre enfant aura deux cours d&rsquo;essai gratuits \u00e0 la rentr\u00e9e, le r\u00e8glement devra \u00eatre effectu\u00e9 :<\/div>\n<div><\/div>\n<div>&#8211; en ligne (via MonClub)<\/div>\n<div>&#8211; par ch\u00e8que(s) (5maximum),<\/div>\n<div>&#8211; par ch\u00e8ques vacances, coupons CAF, esp\u00e8ces, Pass Sport : \u00e0 donner dans une enveloppe avec nom\/pr\u00e9nom et groupe de l&rsquo;enfant.<\/div>\n<div><\/div>\n<div>Au moment du r\u00e8glement dans l&rsquo;application, vous pourrez payer en ligne, ou choisir un r\u00e8glement sur place (\u00e0 la rentr\u00e9e, r\u00e8glement obligatoirement donn\u00e9 dans une ENVELOPPE AU NOM\/PR\u00c9NOM\/GROUPE DE L&rsquo;ENFANT ACCOMPAGN\u00c9 DE LA FICHE COMPTABLE EN PJ).<\/div>\n<div><\/div>\n<div>Pour les parents ayant cliqu\u00e9 sur \u00ab\u00a0Paiement sur place au club\u00a0\u00bb ne vous inqui\u00e9tez pas ! Votre place est bien r\u00e9serv\u00e9e !<\/div>\n<div><\/div>\n<div>Le paiement hybride n&rsquo;est pas encore mis en place (paiement d&rsquo;une partie en ANCV puis l&rsquo;autre en CB par exemple), si vous \u00eates concern\u00e9 par ce type de paiement, veuillez cliquer sur \u00ab paiement sur place au club \u00bb.<\/div>\n<div>\n<hr \/>\n<\/div>\n<div><\/div>\n<div><\/div>\n<div><strong>CERTIFICAT M\u00c9DICAL\u00a0<\/strong><\/div>\n<div><\/div>\n<div>Le certificat m\u00e9dical n\u2019est pas obligatoire, \u00e0 condition d\u2019avoir r\u00e9pondu \u00ab non \u00bb \u00e0 toutes les questions du questionnaire de sant\u00e9 en PJ.<\/div>\n<div>Vous certifirez sur l\u2019honneur que c\u2019est le cas lors de l\u2019inscription.<\/div>\n<div><\/div>\n<div>Si jamais, une des r\u00e9ponses est \u00ab oui \u00bb, vous devrez nous fournir un certificat m\u00e9dical d\u2019ici la rentr\u00e9e, voici la proc\u00e9dure pour l\u2019ajouter \u00e0 la plateforme :<\/div>\n<div><\/div>\n<div>Rendez-vous sur l&rsquo;appli mobile (via web cela ne fonctionne pas) :<\/div>\n<div>Profil de l&rsquo;enfant -&gt; r\u00e9glages (ic\u00f4ne en haut \u00e0 droit sur smartphone) -&gt; mes documents -&gt; Ajouter un document -&gt; S\u00e9lectionner \u00ab\u00a0certificat\u00a0\u00bb<\/div>\n<div>\n<hr \/>\n<\/div>\n<div><\/div>\n<div><\/div>\n<div><strong>CODE REMISE<\/strong><\/div>\n<div><\/div>\n<div>Si vous inscrivez plusieurs enfants pour la rentr\u00e9e, au moment de votre r\u00e8glement pour VOTRE SECOND enfant, cliquez sur \u00ab\u00a0ajouter une remise : \u00ab GCMFRATRIE1\u00bb.<\/div>\n<div>Une r\u00e9duction de 30\u20ac sera fa\u00eete.<\/div>\n<div><\/div>\n<div>Attention, si vous r\u00e9glez sans avoir mis ce code, cela sera irr\u00e9versible.<\/div>\n<div><\/div>\n<div>\n<hr \/>\n<p>Reprise des cours le 4 septembre 2023 pour les comp\u00e9titions et groupes gar\u00e7ons<\/p>\n<\/div>\n<div><\/div>\n<div>Reprise des cours le 11 septembre 2023 pour les loisirs, \u00e9cole de gym et babygym<\/div>\n<div><\/div>\n<div>Nous vous souhaitons \u00e0 tous de bonnes vacances et un tr\u00e8s bel \u00e9t\u00e9,<\/div>\n<div><\/div>\n<div><\/div>\n<div>\u00c0 tr\u00e8s bient\u00f4t !<\/div>\n<div>Le bureau et l&rsquo;\u00e9quipe technique<\/div>\n<div><\/div>\n<div>*Pour plus d&rsquo;informations, contactez Coralie Bellicam : 06.46.79.00.24<\/div>\n","protected":false},"excerpt":{"rendered":"<p>Les inscriptions pour la saison prochaine sont ouvertes ! \u2728 Nous vous invitons \u00e0 inscrire votre enfant d\u00e8s maintenant, les places partent tr\u00e8s vite ! PLANNING 2023 2024 DOCUMENTS D&rsquo;INSCRIPTION\u00a0\u00e0 &#8230;<\/p>\n","protected":false},"author":1,"featured_media":0,"comment_status":"closed","ping_status":"open","sticky":false,"template":"","format":"standard","meta":{"_jetpack_newsletter_access":"","_jetpack_dont_email_post_to_subs":false,"_jetpack_newsletter_tier_id":0,"_jetpack_memberships_contains_paywalled_content":false,"_jetpack_memberships_contains_paid_content":false,"footnotes":""},"categories":[16],"tags":[],"class_list":["post-3765","post","type-post","status-publish","format-standard","hentry","category-inscriptions"],"jetpack_featured_media_url":"","jetpack_sharing_enabled":true,"jetpack_shortlink":"https:\/\/wp.me\/p8Uk5b-YJ","_links":{"self":[{"href":"https:\/\/www.gcmennecy.fr\/index.php\/wp-json\/wp\/v2\/posts\/3765","targetHints":{"allow":["GET"]}}],"collection":[{"href":"https:\/\/www.gcmennecy.fr\/index.php\/wp-json\/wp\/v2\/posts"}],"about":[{"href":"https:\/\/www.gcmennecy.fr\/index.php\/wp-json\/wp\/v2\/types\/post"}],"author":[{"embeddable":true,"href":"https:\/\/www.gcmennecy.fr\/index.php\/wp-json\/wp\/v2\/users\/1"}],"replies":[{"embeddable":true,"href":"https:\/\/www.gcmennecy.fr\/index.php\/wp-json\/wp\/v2\/comments?post=3765"}],"version-history":[{"count":13,"href":"https:\/\/www.gcmennecy.fr\/index.php\/wp-json\/wp\/v2\/posts\/3765\/revisions"}],"predecessor-version":[{"id":3842,"href":"https:\/\/www.gcmennecy.fr\/index.php\/wp-json\/wp\/v2\/posts\/3765\/revisions\/3842"}],"wp:attachment":[{"href":"https:\/\/www.gcmennecy.fr\/index.php\/wp-json\/wp\/v2\/media?parent=3765"}],"wp:term":[{"taxonomy":"category","embeddable":true,"href":"https:\/\/www.gcmennecy.fr\/index.php\/wp-json\/wp\/v2\/categories?post=3765"},{"taxonomy":"post_tag","embeddable":true,"href":"https:\/\/www.gcmennecy.fr\/index.php\/wp-json\/wp\/v2\/tags?post=3765"}],"curies":[{"name":"wp","href":"https:\/\/api.w.org\/{rel}","templated":true}]}}