{"id":3758,"date":"2023-06-11T11:18:33","date_gmt":"2023-06-11T09:18:33","guid":{"rendered":"http:\/\/www.gcmennecy.fr\/?p=3758"},"modified":"2023-06-11T11:20:40","modified_gmt":"2023-06-11T09:20:40","slug":"portes-ouvertes","status":"publish","type":"post","link":"https:\/\/www.gcmennecy.fr\/index.php\/2023\/06\/11\/portes-ouvertes\/","title":{"rendered":"Portes ouvertes"},"content":{"rendered":"<div class=\"xdj266r x11i5rnm xat24cr x1mh8g0r x1vvkbs x126k92a\">\n<div dir=\"auto\">Le Gymnastique Club Mennecy organise des portes ouvertes au Gymnase Andr\u00e9 Violette.<\/div>\n<\/div>\n<div class=\"x11i5rnm xat24cr x1mh8g0r x1vvkbs xtlvy1s x126k92a\">\n<div dir=\"auto\">Vous souhaitez faire d\u00e9couvrir nos activit\u00e9s gymniques \u00e0 vos enfants ? Rendez vous le dimanche 25 juin prochain !<\/div>\n<\/div>\n<div class=\"x11i5rnm xat24cr x1mh8g0r x1vvkbs xtlvy1s x126k92a\">\n<div dir=\"auto\">GYMNASTIQUE ARTISTIQUE F\u00c9MININE<\/div>\n<div dir=\"auto\">2017\/2018 : 13h00 &#8211; 14h00<\/div>\n<div dir=\"auto\">2015\/2016 : 14h00 &#8211; 15h00<\/div>\n<div dir=\"auto\">2014\/2012 : 15h00 &#8211; 16h00<\/div>\n<div dir=\"auto\">2011 et avant : 16h00 &#8211; 17h00<\/div>\n<\/div>\n<div class=\"x11i5rnm xat24cr x1mh8g0r x1vvkbs xtlvy1s x126k92a\">\n<div dir=\"auto\">TEAMGYM (FILLES &amp; GAR\u00c7ONS D\u00c8S 12 ANS)<\/div>\n<div dir=\"auto\">16h00 &#8211; 17h30<\/div>\n<\/div>\n<div class=\"x11i5rnm xat24cr x1mh8g0r x1vvkbs xtlvy1s x126k92a\">\n<div dir=\"auto\"><a href=\"https:\/\/docs.google.com\/forms\/d\/e\/1FAIpQLScINZHD2EE-CVG4BMfWIthbc0L-aMr_gFzeIf6P-9IHYZUJow\/viewform?fbclid=IwAR01fCGHL4JIgyoHHWc6TiuUyb5Egf2oib0QESnXEqipbGg2PQQ_rRtb3I8&amp;pli=1\"><strong>Inscription ici !<\/strong><\/a><\/div>\n<\/div>\n<div dir=\"auto\"><\/div>\n<div dir=\"auto\"><img loading=\"lazy\" decoding=\"async\" class=\"alignnone  wp-image-3760\" src=\"http:\/\/gcmennecy.fr\/wp-content\/uploads\/2023\/06\/351467798_647349220149079_1482889196216721251_n.jpg\" alt=\"\" width=\"315\" height=\"445\" srcset=\"https:\/\/gcmennecy.fr\/wp-content\/uploads\/2023\/06\/351467798_647349220149079_1482889196216721251_n.jpg 724w, https:\/\/gcmennecy.fr\/wp-content\/uploads\/2023\/06\/351467798_647349220149079_1482889196216721251_n-212x300.jpg 212w\" sizes=\"auto, (max-width: 315px) 100vw, 315px\" \/> <img loading=\"lazy\" decoding=\"async\" class=\"alignnone  wp-image-3761\" src=\"http:\/\/gcmennecy.fr\/wp-content\/uploads\/2023\/06\/351358480_802786678106764_2491911329735853982_n.jpg\" alt=\"\" width=\"316\" height=\"447\" srcset=\"https:\/\/gcmennecy.fr\/wp-content\/uploads\/2023\/06\/351358480_802786678106764_2491911329735853982_n.jpg 724w, https:\/\/gcmennecy.fr\/wp-content\/uploads\/2023\/06\/351358480_802786678106764_2491911329735853982_n-212x300.jpg 212w\" sizes=\"auto, (max-width: 316px) 100vw, 316px\" \/><\/div>\n","protected":false},"excerpt":{"rendered":"<p>Le Gymnastique Club Mennecy organise des portes ouvertes au Gymnase Andr\u00e9 Violette. Vous souhaitez faire d\u00e9couvrir nos activit\u00e9s gymniques \u00e0 vos enfants ? Rendez vous le dimanche 25 juin prochain &#8230;<\/p>\n","protected":false},"author":1,"featured_media":0,"comment_status":"closed","ping_status":"open","sticky":false,"template":"","format":"standard","meta":{"_jetpack_newsletter_access":"","_jetpack_dont_email_post_to_subs":false,"_jetpack_newsletter_tier_id":0,"_jetpack_memberships_contains_paywalled_content":false,"_jetpack_memberships_contains_paid_content":false,"footnotes":""},"categories":[1],"tags":[],"class_list":["post-3758","post","type-post","status-publish","format-standard","hentry","category-non-classe"],"jetpack_featured_media_url":"","jetpack_sharing_enabled":true,"jetpack_shortlink":"https:\/\/wp.me\/p8Uk5b-YC","_links":{"self":[{"href":"https:\/\/www.gcmennecy.fr\/index.php\/wp-json\/wp\/v2\/posts\/3758","targetHints":{"allow":["GET"]}}],"collection":[{"href":"https:\/\/www.gcmennecy.fr\/index.php\/wp-json\/wp\/v2\/posts"}],"about":[{"href":"https:\/\/www.gcmennecy.fr\/index.php\/wp-json\/wp\/v2\/types\/post"}],"author":[{"embeddable":true,"href":"https:\/\/www.gcmennecy.fr\/index.php\/wp-json\/wp\/v2\/users\/1"}],"replies":[{"embeddable":true,"href":"https:\/\/www.gcmennecy.fr\/index.php\/wp-json\/wp\/v2\/comments?post=3758"}],"version-history":[{"count":3,"href":"https:\/\/www.gcmennecy.fr\/index.php\/wp-json\/wp\/v2\/posts\/3758\/revisions"}],"predecessor-version":[{"id":3763,"href":"https:\/\/www.gcmennecy.fr\/index.php\/wp-json\/wp\/v2\/posts\/3758\/revisions\/3763"}],"wp:attachment":[{"href":"https:\/\/www.gcmennecy.fr\/index.php\/wp-json\/wp\/v2\/media?parent=3758"}],"wp:term":[{"taxonomy":"category","embeddable":true,"href":"https:\/\/www.gcmennecy.fr\/index.php\/wp-json\/wp\/v2\/categories?post=3758"},{"taxonomy":"post_tag","embeddable":true,"href":"https:\/\/www.gcmennecy.fr\/index.php\/wp-json\/wp\/v2\/tags?post=3758"}],"curies":[{"name":"wp","href":"https:\/\/api.w.org\/{rel}","templated":true}]}}