{"id":3591,"date":"2023-02-07T12:04:16","date_gmt":"2023-02-07T11:04:16","guid":{"rendered":"http:\/\/www.gcmennecy.fr\/?p=3591"},"modified":"2023-02-18T10:09:55","modified_gmt":"2023-02-18T09:09:55","slug":"resultats-indiv-janvier-2022","status":"publish","type":"post","link":"https:\/\/www.gcmennecy.fr\/index.php\/2023\/02\/07\/resultats-indiv-janvier-2022\/","title":{"rendered":"GAF D\u00e9partement indiv"},"content":{"rendered":"<div class=\"x11i5rnm xat24cr x1mh8g0r x1vvkbs xdj266r x126k92a\">\n<div dir=\"auto\">\n<div class=\"x11i5rnm xat24cr x1mh8g0r x1vvkbs xdj266r x126k92a\"><\/div>\n<div dir=\"auto\">Du c\u00f4t\u00e9 GAF \u00e0 Saint-Pierre-du-Perray s&rsquo;est d\u00e9roul\u00e9 le championnat d\u00e9partemental pour nos indiv Fed A.<\/div>\n<div dir=\"auto\"><\/div>\n<div dir=\"auto\">\u2022\u00a012 ans &#8211; Lisa 7\u00e8me<\/div>\n<div dir=\"auto\">\u2022 14 ans &#8211; L\u00e9na <span class=\"x3nfvp2 x1j61x8r x1fcty0u xdj266r xhhsvwb xat24cr xgzva0m xxymvpz xlup9mm x1kky2od\"><img loading=\"lazy\" decoding=\"async\" src=\"https:\/\/static.xx.fbcdn.net\/images\/emoji.php\/v9\/t15\/1\/16\/1f948.png\" alt=\"\ud83e\udd48\" width=\"16\" height=\"16\" \/><\/span> &#8211; Julie <span class=\"x3nfvp2 x1j61x8r x1fcty0u xdj266r xhhsvwb xat24cr xgzva0m xxymvpz xlup9mm x1kky2od\"><img loading=\"lazy\" decoding=\"async\" src=\"https:\/\/static.xx.fbcdn.net\/images\/emoji.php\/v9\/t96\/1\/16\/1f949.png\" alt=\"\ud83e\udd49\" width=\"16\" height=\"16\" \/><\/span><\/div>\n<div dir=\"auto\">\u2022 15 ans &#8211; Laura 4\u00e8me &#8211; Jade 5\u00e8me &#8211; Niuma 6\u00e8me<\/div>\n<div dir=\"auto\">\u2022 17 ans &#8211; Lucy <span class=\"x3nfvp2 x1j61x8r x1fcty0u xdj266r xhhsvwb xat24cr xgzva0m xxymvpz xlup9mm x1kky2od\"><img loading=\"lazy\" decoding=\"async\" src=\"https:\/\/static.xx.fbcdn.net\/images\/emoji.php\/v9\/t15\/1\/16\/1f948.png\" alt=\"\ud83e\udd48\" width=\"16\" height=\"16\" \/><\/span> &#8211; Lucie 4\u00e8me 18ans et + Manon <span class=\"x3nfvp2 x1j61x8r x1fcty0u xdj266r xhhsvwb xat24cr xgzva0m xxymvpz xlup9mm x1kky2od\"><img loading=\"lazy\" decoding=\"async\" src=\"https:\/\/static.xx.fbcdn.net\/images\/emoji.php\/v9\/t15\/1\/16\/1f948.png\" alt=\"\ud83e\udd48\" width=\"16\" height=\"16\" \/><\/span> &#8211; Audrey <span class=\"x3nfvp2 x1j61x8r x1fcty0u xdj266r xhhsvwb xat24cr xgzva0m xxymvpz xlup9mm x1kky2od\"><img loading=\"lazy\" decoding=\"async\" src=\"https:\/\/static.xx.fbcdn.net\/images\/emoji.php\/v9\/t96\/1\/16\/1f949.png\" alt=\"\ud83e\udd49\" width=\"16\" height=\"16\" \/><\/span><\/div>\n<div class=\"x11i5rnm xat24cr x1mh8g0r x1vvkbs xtlvy1s x126k92a\">\n<p dir=\"auto\">BRAVO \u00e0 toutes, on vous donne rendez-vous le weekend du 11 &amp; 12 f\u00e9vrier pour le championnat d\u00e9partemental en \u00e9quipe !<\/p>\n<div dir=\"auto\"><\/div>\n<\/div>\n<p><img loading=\"lazy\" decoding=\"async\" class=\"alignnone wp-image-3592\" src=\"http:\/\/gcmennecy.fr\/wp-content\/uploads\/2023\/02\/tempImage0DlxjF.jpg\" alt=\"\" width=\"275\" height=\"367\" srcset=\"https:\/\/gcmennecy.fr\/wp-content\/uploads\/2023\/02\/tempImage0DlxjF.jpg 3024w, https:\/\/gcmennecy.fr\/wp-content\/uploads\/2023\/02\/tempImage0DlxjF-225x300.jpg 225w, https:\/\/gcmennecy.fr\/wp-content\/uploads\/2023\/02\/tempImage0DlxjF-768x1024.jpg 768w\" sizes=\"auto, (max-width: 275px) 100vw, 275px\" \/> <img loading=\"lazy\" decoding=\"async\" class=\"alignnone wp-image-3593\" src=\"http:\/\/gcmennecy.fr\/wp-content\/uploads\/2023\/02\/tempImageI52vhS.jpg\" alt=\"\" width=\"276\" height=\"368\" srcset=\"https:\/\/gcmennecy.fr\/wp-content\/uploads\/2023\/02\/tempImageI52vhS.jpg 3024w, https:\/\/gcmennecy.fr\/wp-content\/uploads\/2023\/02\/tempImageI52vhS-225x300.jpg 225w, https:\/\/gcmennecy.fr\/wp-content\/uploads\/2023\/02\/tempImageI52vhS-768x1024.jpg 768w\" sizes=\"auto, (max-width: 276px) 100vw, 276px\" \/><\/p>\n<\/div>\n<\/div>\n","protected":false},"excerpt":{"rendered":"<p>Du c\u00f4t\u00e9 GAF \u00e0 Saint-Pierre-du-Perray s&rsquo;est d\u00e9roul\u00e9 le championnat d\u00e9partemental pour nos indiv Fed A. \u2022\u00a012 ans &#8211; Lisa 7\u00e8me \u2022 14 ans &#8211; L\u00e9na &#8211; Julie \u2022 15 ans &#8230;<\/p>\n","protected":false},"author":1,"featured_media":0,"comment_status":"open","ping_status":"open","sticky":false,"template":"","format":"standard","meta":{"_jetpack_newsletter_access":"","_jetpack_dont_email_post_to_subs":false,"_jetpack_newsletter_tier_id":0,"_jetpack_memberships_contains_paywalled_content":false,"_jetpack_memberships_contains_paid_content":false,"footnotes":""},"categories":[6],"tags":[],"class_list":["post-3591","post","type-post","status-publish","format-standard","hentry","category-resultats"],"jetpack_featured_media_url":"","jetpack_sharing_enabled":true,"jetpack_shortlink":"https:\/\/wp.me\/p8Uk5b-VV","_links":{"self":[{"href":"https:\/\/www.gcmennecy.fr\/index.php\/wp-json\/wp\/v2\/posts\/3591","targetHints":{"allow":["GET"]}}],"collection":[{"href":"https:\/\/www.gcmennecy.fr\/index.php\/wp-json\/wp\/v2\/posts"}],"about":[{"href":"https:\/\/www.gcmennecy.fr\/index.php\/wp-json\/wp\/v2\/types\/post"}],"author":[{"embeddable":true,"href":"https:\/\/www.gcmennecy.fr\/index.php\/wp-json\/wp\/v2\/users\/1"}],"replies":[{"embeddable":true,"href":"https:\/\/www.gcmennecy.fr\/index.php\/wp-json\/wp\/v2\/comments?post=3591"}],"version-history":[{"count":7,"href":"https:\/\/www.gcmennecy.fr\/index.php\/wp-json\/wp\/v2\/posts\/3591\/revisions"}],"predecessor-version":[{"id":3744,"href":"https:\/\/www.gcmennecy.fr\/index.php\/wp-json\/wp\/v2\/posts\/3591\/revisions\/3744"}],"wp:attachment":[{"href":"https:\/\/www.gcmennecy.fr\/index.php\/wp-json\/wp\/v2\/media?parent=3591"}],"wp:term":[{"taxonomy":"category","embeddable":true,"href":"https:\/\/www.gcmennecy.fr\/index.php\/wp-json\/wp\/v2\/categories?post=3591"},{"taxonomy":"post_tag","embeddable":true,"href":"https:\/\/www.gcmennecy.fr\/index.php\/wp-json\/wp\/v2\/tags?post=3591"}],"curies":[{"name":"wp","href":"https:\/\/api.w.org\/{rel}","templated":true}]}}