{"id":3456,"date":"2021-08-07T20:44:39","date_gmt":"2021-08-07T18:44:39","guid":{"rendered":"http:\/\/www.gcmennecy.fr\/?p=3456"},"modified":"2021-08-07T20:44:39","modified_gmt":"2021-08-07T18:44:39","slug":"forum-des-associations","status":"publish","type":"post","link":"https:\/\/www.gcmennecy.fr\/index.php\/2021\/08\/07\/forum-des-associations\/","title":{"rendered":"&#8212; Forum des associations &#8212;"},"content":{"rendered":"<div data-contents=\"true\">\n<div class=\"\" data-block=\"true\" data-editor=\"7mtrj\" data-offset-key=\"c4t7g-0-0\">\n<div class=\"_1mf _1mj\" data-offset-key=\"c4t7g-0-0\"><span data-offset-key=\"c4t7g-0-0\">Bonjour \u00e0 tous,<\/span><\/div>\n<\/div>\n<div class=\"\" data-block=\"true\" data-editor=\"7mtrj\" data-offset-key=\"d1h5t-0-0\">\n<div class=\"_1mf _1mj\" data-offset-key=\"d1h5t-0-0\"><span data-offset-key=\"d1h5t-0-0\">\u00a0<\/span><\/div>\n<\/div>\n<div class=\"\" data-block=\"true\" data-editor=\"7mtrj\" data-offset-key=\"7o1f5-0-0\">\n<div class=\"_1mf _1mj\" data-offset-key=\"7o1f5-0-0\"><span data-offset-key=\"7o1f5-0-0\">Nous avons h\u00e2te de vous retrouver au forum des associations le 4 septembre \u00e0 l&rsquo;Espace Culturel Jean Jacques Robert. <\/span><\/div>\n<\/div>\n<div class=\"\" data-block=\"true\" data-editor=\"7mtrj\" data-offset-key=\"a99n2-0-0\">\n<div class=\"_1mf _1mj\" data-offset-key=\"a99n2-0-0\"><span data-offset-key=\"a99n2-0-0\">\u00a0<\/span><\/div>\n<\/div>\n<div class=\"\" data-block=\"true\" data-editor=\"7mtrj\" data-offset-key=\"ddl42-0-0\">\n<div class=\"_1mf _1mj\" data-offset-key=\"ddl42-0-0\"><span data-offset-key=\"ddl42-0-0\">A tr\u00e8s bient\u00f4t<\/span><\/div>\n<\/div>\n<div class=\"\" data-block=\"true\" data-editor=\"7mtrj\" data-offset-key=\"eu3o8-0-0\">\n<div class=\"_1mf _1mj\" data-offset-key=\"eu3o8-0-0\"><span data-offset-key=\"eu3o8-0-0\">L&rsquo;\u00e9quipe GCM Mennecy<\/span><span data-offset-key=\"c4t7g-0-0\"><img loading=\"lazy\" decoding=\"async\" class=\"alignnone size-full wp-image-3457\" src=\"http:\/\/gcmennecy.fr\/wp-content\/uploads\/2021\/08\/2021-09-Forum-des-asso-affiche-82x110.jpg\" alt=\"\" width=\"2421\" height=\"3248\" srcset=\"https:\/\/gcmennecy.fr\/wp-content\/uploads\/2021\/08\/2021-09-Forum-des-asso-affiche-82x110.jpg 2421w, https:\/\/gcmennecy.fr\/wp-content\/uploads\/2021\/08\/2021-09-Forum-des-asso-affiche-82x110-224x300.jpg 224w, https:\/\/gcmennecy.fr\/wp-content\/uploads\/2021\/08\/2021-09-Forum-des-asso-affiche-82x110-768x1030.jpg 768w, https:\/\/gcmennecy.fr\/wp-content\/uploads\/2021\/08\/2021-09-Forum-des-asso-affiche-82x110-763x1024.jpg 763w\" sizes=\"auto, (max-width: 2421px) 100vw, 2421px\" \/><\/span><\/div>\n<\/div>\n<\/div>\n","protected":false},"excerpt":{"rendered":"<p>Bonjour \u00e0 tous, \u00a0 Nous avons h\u00e2te de vous retrouver au forum des associations le 4 septembre \u00e0 l&rsquo;Espace Culturel Jean Jacques Robert. \u00a0 A tr\u00e8s bient\u00f4t L&rsquo;\u00e9quipe GCM Mennecy<\/p>\n","protected":false},"author":1,"featured_media":0,"comment_status":"open","ping_status":"open","sticky":false,"template":"","format":"standard","meta":{"_jetpack_newsletter_access":"","_jetpack_dont_email_post_to_subs":false,"_jetpack_newsletter_tier_id":0,"_jetpack_memberships_contains_paywalled_content":false,"_jetpack_memberships_contains_paid_content":false,"footnotes":""},"categories":[1],"tags":[],"class_list":["post-3456","post","type-post","status-publish","format-standard","hentry","category-non-classe"],"jetpack_featured_media_url":"","jetpack_sharing_enabled":true,"jetpack_shortlink":"https:\/\/wp.me\/p8Uk5b-TK","_links":{"self":[{"href":"https:\/\/www.gcmennecy.fr\/index.php\/wp-json\/wp\/v2\/posts\/3456","targetHints":{"allow":["GET"]}}],"collection":[{"href":"https:\/\/www.gcmennecy.fr\/index.php\/wp-json\/wp\/v2\/posts"}],"about":[{"href":"https:\/\/www.gcmennecy.fr\/index.php\/wp-json\/wp\/v2\/types\/post"}],"author":[{"embeddable":true,"href":"https:\/\/www.gcmennecy.fr\/index.php\/wp-json\/wp\/v2\/users\/1"}],"replies":[{"embeddable":true,"href":"https:\/\/www.gcmennecy.fr\/index.php\/wp-json\/wp\/v2\/comments?post=3456"}],"version-history":[{"count":1,"href":"https:\/\/www.gcmennecy.fr\/index.php\/wp-json\/wp\/v2\/posts\/3456\/revisions"}],"predecessor-version":[{"id":3458,"href":"https:\/\/www.gcmennecy.fr\/index.php\/wp-json\/wp\/v2\/posts\/3456\/revisions\/3458"}],"wp:attachment":[{"href":"https:\/\/www.gcmennecy.fr\/index.php\/wp-json\/wp\/v2\/media?parent=3456"}],"wp:term":[{"taxonomy":"category","embeddable":true,"href":"https:\/\/www.gcmennecy.fr\/index.php\/wp-json\/wp\/v2\/categories?post=3456"},{"taxonomy":"post_tag","embeddable":true,"href":"https:\/\/www.gcmennecy.fr\/index.php\/wp-json\/wp\/v2\/tags?post=3456"}],"curies":[{"name":"wp","href":"https:\/\/api.w.org\/{rel}","templated":true}]}}