{"id":3444,"date":"2021-08-06T21:01:21","date_gmt":"2021-08-06T19:01:21","guid":{"rendered":"http:\/\/www.gcmennecy.fr\/?p=3444"},"modified":"2021-08-06T21:23:51","modified_gmt":"2021-08-06T19:23:51","slug":"inscription-2021-202","status":"publish","type":"post","link":"https:\/\/www.gcmennecy.fr\/index.php\/2021\/08\/06\/inscription-2021-202\/","title":{"rendered":"&#8212; Inscriptions 2021\/202 &#8212;"},"content":{"rendered":"<p align=\"CENTER\"><strong><span style=\"color: #339966;\">Bonjour \u00e0 tous, Nos inscriptions sont ouvertes !<\/span><br \/>\n<\/strong><\/p>\n<p>Les 2 premi\u00e8res s\u00e9ances peuvent \u00eatre consid\u00e9r\u00e9es comme des cours d\u2019essai.Cependant, nous vous demandons quand m\u00eame de\u00a0<span style=\"color: #ff0000;\">remplir un dossier d\u2019inscription en ligne<\/span>\u00a0et de\u00a0\u00a0vous pr\u00e9senter \u00e0 l\u2019une de nos permanences de paiement,\u00a0<span style=\"color: #ff0000;\">avant d\u2019assister au 1<sup>er<\/sup>\u00a0cours.<\/span><\/p>\n<p>Si fin septembre vous d\u00e9cidiez de ne pas donner suite, nous vous rendrons vos ch\u00e8ques et effacerons votre dossier.<\/p>\n<p>Vous trouverez ci-dessous les\u00a0<i>liens pour les inscriptions en ligne <\/i> pour la saison 2021-2022\u00a0:<\/p>\n<p><span style=\"color: #0000ff;\"><strong><i>Pour la BABYGYM, <\/i><i>de 15 mois \u00e0 5 ans \u2013 enfants n\u00e9s entre 2016 et le 01\/06\/20<\/i><\/strong><\/span><\/p>\n<p><a href=\"https:\/\/framaforms.org\/inscriptions-babygym-saison-2021-2022-gymnastique-club-mennecy-1594821085\"><em>https:\/\/framaforms.org\/inscriptions-babygym-saison-2021-2022-gymnastique-club-mennecy-1594821085<\/em><\/a><\/p>\n<p>&nbsp;<\/p>\n<p><span style=\"color: #0000ff;\"><strong><i>Pour l\u2019ECOLE DE GYM, d<\/i><i>e 6 ans \u00e0 8 ans \u2013 enfants n\u00e9s entre 2015-2014-2013<\/i><\/strong><\/span><\/p>\n<p><em><u>https:\/\/framaforms.org\/inscriptions-ecole-de-gym-saison-2021-2022-gymnastique-club-mennecy-1594840761<\/u><\/em><\/p>\n<p>&nbsp;<\/p>\n<p><span style=\"color: #0000ff;\"><strong><i>Pour le secteur JEUNESSE \u2013 LOISIR GAF et ADULTE Mixte, \u00e0<\/i><i> partir de 8 ans \u2013 n\u00e9s en 2012 et avant<\/i><\/strong><\/span><\/p>\n<p><a href=\"https:\/\/framaforms.org\/inscriptions-secteur-jeunesse-loisirs-saison-2021-2022-gymnastique-club-mennecy-1594842458\"><i>https:\/\/framaforms.org\/inscriptions-secteur-jeunesse-loisirs-saison-2021-2022-gymnastique-club-mennecy-1594842458<\/i><\/a><\/p>\n<p>&nbsp;<\/p>\n<p><strong><i><span style=\"color: #0000ff;\">Pour le secteur COMPETITION et CHALLENGE (\u00e0 partir de 8 ans).<\/span> <\/i><\/strong><\/p>\n<p>Les nouvelles inscriptions doivent d\u2019abord avoir \u00e9t\u00e9 valid\u00e9es par nos soins (gymnastiqueclubmennecy@gmail.com) afin que nous vous orientions au mieux en fonction du niveau de pratique de votre enfant.<\/p>\n<p><em>\u200b <a href=\"https:\/\/framaforms.org\/inscriptions-secteur-competition-et-secteur-challenge-saison-2021-2022-gymnastique-club-mennecy\">https:\/\/framaforms.org\/inscriptions-secteur-competition-et-secteur-challenge-saison-2021-2022-gymnastique-club-mennecy<\/a><\/em><\/p>\n<p>&nbsp;<\/p>\n<p>Nous vous remercions d\u2019\u00eatre particuli\u00e8rement\u00a0vigilant sur les adresses mail\u00a0que vous nous indiquez (elles sont notre principal moyen de communication avec vous).<\/p>\n<p>En cette rentr\u00e9e encore un peu particuli\u00e8re nous vous demandons de bien prendre connaissance du PROTOCOLE COVID mis en place par le G.C.M qui figure sur le formulaire et de rester vigilant sur le PASS SANITAIRE qui risque d\u2019\u00eatre demand\u00e9 pour d\u00e9but octobre pour les 12\/99ans sur la pratique gymnique.<\/p>\n<p>Avant de venir aux permanences, nous vous remercions d\u2019imprimer, remplir et rapporter la FICHE COMPTABLE et le formulaire de reprise COVID afin de fluidifier l\u2019attente aux permanences, LES MASQUES RESTENT OBLIGATOIRE DANS LE GYMNASE.<\/p>\n<p>Pour les certificats m\u00e9dicaux ils vous seront demand\u00e9s uniquement si lors du questionnaire de sant\u00e9 vous aurez rempli une case avec un OUI.<\/p>\n<p>Si vous nous r\u00e9glez par ch\u00e8que, merci de bien vouloir indiquer NOM\/PRENOM de votre enfant au dos de chaque ch\u00e8que.<\/p>\n<p>Si vous nous r\u00e9glez par coupons sport, ch\u00e8ques vacances, etc\u2026 merci de bien vouloir TOUS LES REMPLIR.<\/p>\n<p><strong>Les cours reprendront la semaine du 13 septembre.<\/strong><\/p>\n<p>\u200bD\u2019ici l\u00e0, nous aurons plaisir \u00e0 retrouver les gymnastes qui le souhaitent sur notre stand au Forum des Associations qui se tiendra le samedi 04\/09 de 10h \u00e0 18h \u00e0 Mennecy au Parc de villeroy entre les deux orangeries.<\/p>\n<p><span style=\"color: #0000ff;\"><strong>\u200bBonne rentr\u00e9e scolaire \u00e0 tous.<\/strong><\/span><\/p>\n<p>\u200b<\/p>\n<p><span style=\"color: #339966;\"><strong>\u200bL\u2019Equipe du Gymnastique Club Mennecy<\/strong><\/span><\/p>\n<p><em>bureau@gcmennecy.fr (contacts pr\u00e9sidence secr\u00e9tariat comptabilit\u00e9 )<\/em><\/p>\n<p><em>Gymnastiqueclubmennecy@gmail.com ( informations techniques contacts coachs )<\/em><\/p>\n<p><em>Afin de fluidifier les informations coachs\/\u00e9l\u00e8ves coachs\/parents des groupes whats app seront mis en place par les coachs qui vous en parleront au pr\u00e9alable.<\/em><\/p>\n<p><em>www.gcmennecy.fr<\/em><\/p>\n<p><em>https:\/\/www.facebook.com\/GymnastiqueClubMennecy\/<\/em><\/p>\n<p>&nbsp;<\/p>\n<p><img loading=\"lazy\" decoding=\"async\" class=\"alignnone size-full wp-image-3447\" src=\"http:\/\/gcmennecy.fr\/wp-content\/uploads\/2021\/08\/ceec46ac75e6be7f73874fd5573b298d_XL.jpg\" alt=\"\" width=\"900\" height=\"601\" srcset=\"https:\/\/gcmennecy.fr\/wp-content\/uploads\/2021\/08\/ceec46ac75e6be7f73874fd5573b298d_XL.jpg 900w, https:\/\/gcmennecy.fr\/wp-content\/uploads\/2021\/08\/ceec46ac75e6be7f73874fd5573b298d_XL-300x200.jpg 300w, https:\/\/gcmennecy.fr\/wp-content\/uploads\/2021\/08\/ceec46ac75e6be7f73874fd5573b298d_XL-768x513.jpg 768w\" sizes=\"auto, (max-width: 900px) 100vw, 900px\" \/><\/p>\n","protected":false},"excerpt":{"rendered":"<p>Bonjour \u00e0 tous, Nos inscriptions sont ouvertes ! Les 2 premi\u00e8res s\u00e9ances peuvent \u00eatre consid\u00e9r\u00e9es comme des cours d\u2019essai.Cependant, nous vous demandons quand m\u00eame de\u00a0remplir un dossier d\u2019inscription en ligne\u00a0et &#8230;<\/p>\n","protected":false},"author":1,"featured_media":0,"comment_status":"open","ping_status":"open","sticky":false,"template":"","format":"standard","meta":{"_jetpack_newsletter_access":"","_jetpack_dont_email_post_to_subs":false,"_jetpack_newsletter_tier_id":0,"_jetpack_memberships_contains_paywalled_content":false,"_jetpack_memberships_contains_paid_content":false,"footnotes":""},"categories":[1],"tags":[],"class_list":["post-3444","post","type-post","status-publish","format-standard","hentry","category-non-classe"],"jetpack_featured_media_url":"","jetpack_sharing_enabled":true,"jetpack_shortlink":"https:\/\/wp.me\/p8Uk5b-Ty","_links":{"self":[{"href":"https:\/\/www.gcmennecy.fr\/index.php\/wp-json\/wp\/v2\/posts\/3444","targetHints":{"allow":["GET"]}}],"collection":[{"href":"https:\/\/www.gcmennecy.fr\/index.php\/wp-json\/wp\/v2\/posts"}],"about":[{"href":"https:\/\/www.gcmennecy.fr\/index.php\/wp-json\/wp\/v2\/types\/post"}],"author":[{"embeddable":true,"href":"https:\/\/www.gcmennecy.fr\/index.php\/wp-json\/wp\/v2\/users\/1"}],"replies":[{"embeddable":true,"href":"https:\/\/www.gcmennecy.fr\/index.php\/wp-json\/wp\/v2\/comments?post=3444"}],"version-history":[{"count":6,"href":"https:\/\/www.gcmennecy.fr\/index.php\/wp-json\/wp\/v2\/posts\/3444\/revisions"}],"predecessor-version":[{"id":3454,"href":"https:\/\/www.gcmennecy.fr\/index.php\/wp-json\/wp\/v2\/posts\/3444\/revisions\/3454"}],"wp:attachment":[{"href":"https:\/\/www.gcmennecy.fr\/index.php\/wp-json\/wp\/v2\/media?parent=3444"}],"wp:term":[{"taxonomy":"category","embeddable":true,"href":"https:\/\/www.gcmennecy.fr\/index.php\/wp-json\/wp\/v2\/categories?post=3444"},{"taxonomy":"post_tag","embeddable":true,"href":"https:\/\/www.gcmennecy.fr\/index.php\/wp-json\/wp\/v2\/tags?post=3444"}],"curies":[{"name":"wp","href":"https:\/\/api.w.org\/{rel}","templated":true}]}}