{"id":3333,"date":"2020-07-15T20:38:44","date_gmt":"2020-07-15T18:38:44","guid":{"rendered":"http:\/\/www.gcmennecy.fr\/?p=3333"},"modified":"2020-07-15T20:39:19","modified_gmt":"2020-07-15T18:39:19","slug":"resultat-des-elections-bureau-du-gcm-reinscriptions","status":"publish","type":"post","link":"https:\/\/www.gcmennecy.fr\/index.php\/2020\/07\/15\/resultat-des-elections-bureau-du-gcm-reinscriptions\/","title":{"rendered":"R\u00e9sultat des \u00e9lections Bureau du GCM + R\u00e9inscriptions"},"content":{"rendered":"<p>Madame, Monsieur, Chers Parents, Chers Gymnastes,<\/p>\n<p>Nous remercions les personnes qui ont pris le soin de voter lors de notre AG du 30\/06 dernier.<\/p>\n<p>Notre nouveau bureau a \u00e9t\u00e9 constitu\u00e9 le 07\/07 dernier et se compose comme suit :<br \/>\nPr\u00e9sidente : Magalie Debray<br \/>\nCo-Pr\u00e9sidente : Guillemette Boine<br \/>\nTr\u00e9sori\u00e8re : Elodie Lepilliet<br \/>\nSecr\u00e9taire : Ingrid Zitouni<br \/>\nSecr\u00e9taire Adjointe : G\u00e9raldine Robert<\/p>\n<p>Concernant les INSCRIPTIONS pour la saison prochaine , ainsi que les REINSCRIPTIONS, <span style=\"color: #0000ff;\"><strong>nous reviendrons vers vous courant ao\u00fbt (apr\u00e8s nous \u00eatre r\u00e9unies, avoir \u00e9tabli les tarifs 2020-2021, et mis en ligne les formulaires).<\/strong><\/span><\/p>\n<p>Nous vous souhaitons de tr\u00e8s bonnes vacances.<\/p>\n<p><img loading=\"lazy\" decoding=\"async\" class=\"size-medium wp-image-3334\" src=\"http:\/\/gcmennecy.fr\/wp-content\/uploads\/2020\/07\/Dossier_vacances_680-300x170.jpg\" alt=\"\" width=\"300\" height=\"170\" srcset=\"https:\/\/gcmennecy.fr\/wp-content\/uploads\/2020\/07\/Dossier_vacances_680-300x170.jpg 300w, https:\/\/gcmennecy.fr\/wp-content\/uploads\/2020\/07\/Dossier_vacances_680.jpg 680w\" sizes=\"auto, (max-width: 300px) 100vw, 300px\" \/><\/p>\n<p>Sportivement,<br \/>\nLe Bureau du GCM<\/p>\n","protected":false},"excerpt":{"rendered":"<p>Madame, Monsieur, Chers Parents, Chers Gymnastes, Nous remercions les personnes qui ont pris le soin de voter lors de notre AG du 30\/06 dernier. Notre nouveau bureau a \u00e9t\u00e9 constitu\u00e9 &#8230;<\/p>\n","protected":false},"author":1,"featured_media":0,"comment_status":"open","ping_status":"open","sticky":false,"template":"","format":"standard","meta":{"_jetpack_newsletter_access":"","_jetpack_dont_email_post_to_subs":false,"_jetpack_newsletter_tier_id":0,"_jetpack_memberships_contains_paywalled_content":false,"_jetpack_memberships_contains_paid_content":false,"footnotes":""},"categories":[5,16,1],"tags":[],"class_list":["post-3333","post","type-post","status-publish","format-standard","hentry","category-actualites","category-inscriptions","category-non-classe"],"jetpack_featured_media_url":"","jetpack_sharing_enabled":true,"jetpack_shortlink":"https:\/\/wp.me\/p8Uk5b-RL","_links":{"self":[{"href":"https:\/\/www.gcmennecy.fr\/index.php\/wp-json\/wp\/v2\/posts\/3333","targetHints":{"allow":["GET"]}}],"collection":[{"href":"https:\/\/www.gcmennecy.fr\/index.php\/wp-json\/wp\/v2\/posts"}],"about":[{"href":"https:\/\/www.gcmennecy.fr\/index.php\/wp-json\/wp\/v2\/types\/post"}],"author":[{"embeddable":true,"href":"https:\/\/www.gcmennecy.fr\/index.php\/wp-json\/wp\/v2\/users\/1"}],"replies":[{"embeddable":true,"href":"https:\/\/www.gcmennecy.fr\/index.php\/wp-json\/wp\/v2\/comments?post=3333"}],"version-history":[{"count":1,"href":"https:\/\/www.gcmennecy.fr\/index.php\/wp-json\/wp\/v2\/posts\/3333\/revisions"}],"predecessor-version":[{"id":3335,"href":"https:\/\/www.gcmennecy.fr\/index.php\/wp-json\/wp\/v2\/posts\/3333\/revisions\/3335"}],"wp:attachment":[{"href":"https:\/\/www.gcmennecy.fr\/index.php\/wp-json\/wp\/v2\/media?parent=3333"}],"wp:term":[{"taxonomy":"category","embeddable":true,"href":"https:\/\/www.gcmennecy.fr\/index.php\/wp-json\/wp\/v2\/categories?post=3333"},{"taxonomy":"post_tag","embeddable":true,"href":"https:\/\/www.gcmennecy.fr\/index.php\/wp-json\/wp\/v2\/tags?post=3333"}],"curies":[{"name":"wp","href":"https:\/\/api.w.org\/{rel}","templated":true}]}}