{"id":3226,"date":"2019-11-21T00:45:38","date_gmt":"2019-11-20T23:45:38","guid":{"rendered":"http:\/\/www.gcmennecy.fr\/?p=3226"},"modified":"2019-11-21T01:04:03","modified_gmt":"2019-11-21T00:04:03","slug":"le-telethon-cest-toute-la-semaine-du-02-au-08-decembre-au-gcm","status":"publish","type":"post","link":"https:\/\/www.gcmennecy.fr\/index.php\/2019\/11\/21\/le-telethon-cest-toute-la-semaine-du-02-au-08-decembre-au-gcm\/","title":{"rendered":"Le TELETHON? C&rsquo;est toute la semaine du 02 au 08 D\u00e9cembre au GCM."},"content":{"rendered":"<p><span style=\"color: #0000ff;\"><strong>&#8211; TELETHON\u00a02019 &#8211; <span class=\"_5mfr\"><span class=\"_6qdm\">\ud83d\udc9b<\/span><\/span>\u00a0&#8211;<\/strong><\/span><\/p>\n<p>Cette ann\u00e9e encore, le GCM s&rsquo;engage au profit du TELETHON!<\/p>\n<p><strong><span style=\"color: #0000ff;\">La semaine du 2 au 8 d\u00e9cembre<\/span><\/strong> sera ponctu\u00e9e tous les jours, par des <strong><span style=\"color: #0000ff;\">go\u00fbters (boisson+cr\u00eape) au prix de 2\u20ac, en faveur du TELETHON,<\/span><\/strong><\/p>\n<p style=\"text-align: center;\"><strong><span style=\"color: #339966;\">aux heures suivantes :<\/span><\/strong><span class=\"text_exposed_show\"><br \/>\nLundi : 17h-17h30<br \/>\nMardi: 17h-17h30\/19h-19h30<br \/>\nMercredi: 15h30-17h30<br \/>\nJeudi: 17h-17h30\/19h-19h30<br \/>\nVendredi : 17h-17h30<br \/>\nSamedi : 9h30-16h30<br \/>\nDimanche : 9h30-12h<\/span><\/p>\n<p><img loading=\"lazy\" decoding=\"async\" class=\"size-medium wp-image-3227 aligncenter\" src=\"http:\/\/gcmennecy.fr\/wp-content\/uploads\/2019\/11\/TELETHON-2019-GCM-300x212.jpg\" alt=\"\" width=\"300\" height=\"212\" srcset=\"https:\/\/gcmennecy.fr\/wp-content\/uploads\/2019\/11\/TELETHON-2019-GCM-300x212.jpg 300w, https:\/\/gcmennecy.fr\/wp-content\/uploads\/2019\/11\/TELETHON-2019-GCM-768x542.jpg 768w, https:\/\/gcmennecy.fr\/wp-content\/uploads\/2019\/11\/TELETHON-2019-GCM.jpg 960w\" sizes=\"auto, (max-width: 300px) 100vw, 300px\" \/><\/p>\n<p>Nous vous attendons nombreux et savons pouvoir compter sur votre participation et votre g\u00e9n\u00e9rosit\u00e9.<\/p>\n<div class=\"text_exposed_show\">\n<p>Vous trouverez \u00e9galement sur le site de la Mairie le d\u00e9tail de toutes les autres animations et \u00e9galement le traditionnel repas du T\u00e9l\u00e9thon le samedi 07\/12 :<\/p>\n<p><span style=\"color: #0000ff;\"><strong>* DINER DANSANT DU SAMEDI 07\/12<\/strong> <strong>*<\/strong><\/span>\u00a0<span class=\"_5mfr\"><span class=\"_6qdm\">\ud83d\udc83<\/span><\/span><span class=\"_5mfr\"><span class=\"_6qdm\">\ud83d\udd7a<\/span><\/span><\/p>\n<p>Cette ann\u00e9e encore le service Vie Associative de la Mairie de Mennecy organise avec l\u2019aide de l\u2019association \u00ab\u00a0Orquoise Plong\u00e9e\u00a0\u00bb un diner dansant en salle Michel Ange, le SAMEDI 7 d\u00e9cembre d\u00e8s 19h, au profit du T\u00e9l\u00e9thon.<\/p>\n<p>Le prix de cette soir\u00e9e est de 16 \u20ac pour les adultes et de 10\u20ac pour les enfants de moins de 10 ans. Les boissons sont en suppl\u00e9ment.<br \/>\nLe menu sera : Couscous, salade, fromage et nougat glac\u00e9.<br \/>\nAccueil d\u00e8s 19h pour un ap\u00e9ritif musical.<\/p>\n<p>Merci de revenir vers nous si vous souhaitez y participer pour que nous r\u00e9servions une table pour les adh\u00e9rents de l&rsquo;association.<\/p>\n<p>Voici pour finir le <span style=\"color: #0000ff;\"><strong>PROGRAMME<\/strong><\/span> de toutes les animations sur notre COMMUNE :<\/p>\n<\/div>\n<p><a href=\"http:\/\/www.mennecy.fr\/IMG\/pdf\/2019-12-programme_te_le_thon_a5_.pdf\">http:\/\/www.mennecy.fr\/IMG\/pdf\/2019-12-programme_te_le_thon_a5_.pdf<\/a><\/p>\n<p><img loading=\"lazy\" decoding=\"async\" class=\"alignnone size-medium wp-image-3228\" src=\"http:\/\/gcmennecy.fr\/wp-content\/uploads\/2019\/11\/TELETHON-2019-PROGRAMME-P1-213x300.jpg\" alt=\"\" width=\"213\" height=\"300\" srcset=\"https:\/\/gcmennecy.fr\/wp-content\/uploads\/2019\/11\/TELETHON-2019-PROGRAMME-P1-213x300.jpg 213w, https:\/\/gcmennecy.fr\/wp-content\/uploads\/2019\/11\/TELETHON-2019-PROGRAMME-P1.jpg 486w\" sizes=\"auto, (max-width: 213px) 100vw, 213px\" \/> <img loading=\"lazy\" decoding=\"async\" class=\"alignnone size-medium wp-image-3229\" src=\"http:\/\/gcmennecy.fr\/wp-content\/uploads\/2019\/11\/TELETHON-2019-PROGRAMME-P2-211x300.jpg\" alt=\"\" width=\"211\" height=\"300\" srcset=\"https:\/\/gcmennecy.fr\/wp-content\/uploads\/2019\/11\/TELETHON-2019-PROGRAMME-P2-211x300.jpg 211w, https:\/\/gcmennecy.fr\/wp-content\/uploads\/2019\/11\/TELETHON-2019-PROGRAMME-P2.jpg 482w\" sizes=\"auto, (max-width: 211px) 100vw, 211px\" \/><\/p>\n<p><img loading=\"lazy\" decoding=\"async\" class=\"alignnone size-medium wp-image-3230\" src=\"http:\/\/gcmennecy.fr\/wp-content\/uploads\/2019\/11\/TELETHON-2019-PROGRAMME-P3-211x300.jpg\" alt=\"\" width=\"211\" height=\"300\" srcset=\"https:\/\/gcmennecy.fr\/wp-content\/uploads\/2019\/11\/TELETHON-2019-PROGRAMME-P3-211x300.jpg 211w, https:\/\/gcmennecy.fr\/wp-content\/uploads\/2019\/11\/TELETHON-2019-PROGRAMME-P3.jpg 480w\" sizes=\"auto, (max-width: 211px) 100vw, 211px\" \/> <img loading=\"lazy\" decoding=\"async\" class=\"alignnone size-medium wp-image-3231\" src=\"http:\/\/gcmennecy.fr\/wp-content\/uploads\/2019\/11\/TELETHON-2019-PROGRAMME-P4-211x300.jpg\" alt=\"\" width=\"211\" height=\"300\" srcset=\"https:\/\/gcmennecy.fr\/wp-content\/uploads\/2019\/11\/TELETHON-2019-PROGRAMME-P4-211x300.jpg 211w, https:\/\/gcmennecy.fr\/wp-content\/uploads\/2019\/11\/TELETHON-2019-PROGRAMME-P4.jpg 482w\" sizes=\"auto, (max-width: 211px) 100vw, 211px\" \/><\/p>\n<p><img loading=\"lazy\" decoding=\"async\" class=\"alignnone size-medium wp-image-3234\" src=\"http:\/\/gcmennecy.fr\/wp-content\/uploads\/2019\/11\/TELETHON-2019-DANSE-212x300.jpg\" alt=\"\" width=\"212\" height=\"300\" srcset=\"https:\/\/gcmennecy.fr\/wp-content\/uploads\/2019\/11\/TELETHON-2019-DANSE-212x300.jpg 212w, https:\/\/gcmennecy.fr\/wp-content\/uploads\/2019\/11\/TELETHON-2019-DANSE.jpg 578w\" sizes=\"auto, (max-width: 212px) 100vw, 212px\" \/> <img loading=\"lazy\" decoding=\"async\" class=\"alignnone size-medium wp-image-3232\" src=\"http:\/\/gcmennecy.fr\/wp-content\/uploads\/2019\/11\/TELETHON-2019-BACHATON-300x157.jpg\" alt=\"\" width=\"300\" height=\"157\" srcset=\"https:\/\/gcmennecy.fr\/wp-content\/uploads\/2019\/11\/TELETHON-2019-BACHATON-300x157.jpg 300w, https:\/\/gcmennecy.fr\/wp-content\/uploads\/2019\/11\/TELETHON-2019-BACHATON.jpg 720w\" sizes=\"auto, (max-width: 300px) 100vw, 300px\" \/><\/p>\n<p><img loading=\"lazy\" decoding=\"async\" class=\"alignnone size-medium wp-image-3236\" src=\"http:\/\/gcmennecy.fr\/wp-content\/uploads\/2019\/11\/TELETHON-2019-MARCHE-212x300.jpg\" alt=\"\" width=\"212\" height=\"300\" srcset=\"https:\/\/gcmennecy.fr\/wp-content\/uploads\/2019\/11\/TELETHON-2019-MARCHE-212x300.jpg 212w, https:\/\/gcmennecy.fr\/wp-content\/uploads\/2019\/11\/TELETHON-2019-MARCHE.jpg 679w\" sizes=\"auto, (max-width: 212px) 100vw, 212px\" \/> \u00a0 <img loading=\"lazy\" decoding=\"async\" class=\"alignnone size-medium wp-image-3235\" src=\"http:\/\/gcmennecy.fr\/wp-content\/uploads\/2019\/11\/TELETHON-2019-JARDIN-4-SAISONS-212x300.jpg\" alt=\"\" width=\"212\" height=\"300\" srcset=\"https:\/\/gcmennecy.fr\/wp-content\/uploads\/2019\/11\/TELETHON-2019-JARDIN-4-SAISONS-212x300.jpg 212w, https:\/\/gcmennecy.fr\/wp-content\/uploads\/2019\/11\/TELETHON-2019-JARDIN-4-SAISONS.jpg 679w\" sizes=\"auto, (max-width: 212px) 100vw, 212px\" \/><\/p>\n<p><img loading=\"lazy\" decoding=\"async\" class=\"alignnone size-medium wp-image-3237\" src=\"http:\/\/gcmennecy.fr\/wp-content\/uploads\/2019\/11\/TELETHON-2019-SKATE-211x300.jpg\" alt=\"\" width=\"211\" height=\"300\" srcset=\"https:\/\/gcmennecy.fr\/wp-content\/uploads\/2019\/11\/TELETHON-2019-SKATE-211x300.jpg 211w, https:\/\/gcmennecy.fr\/wp-content\/uploads\/2019\/11\/TELETHON-2019-SKATE.jpg 676w\" sizes=\"auto, (max-width: 211px) 100vw, 211px\" \/> <img loading=\"lazy\" decoding=\"async\" class=\"alignnone size-medium wp-image-3233\" src=\"http:\/\/gcmennecy.fr\/wp-content\/uploads\/2019\/11\/TELETHON-2019-COURSE-212x300.jpg\" alt=\"\" width=\"212\" height=\"300\" srcset=\"https:\/\/gcmennecy.fr\/wp-content\/uploads\/2019\/11\/TELETHON-2019-COURSE-212x300.jpg 212w, https:\/\/gcmennecy.fr\/wp-content\/uploads\/2019\/11\/TELETHON-2019-COURSE.jpg 679w\" sizes=\"auto, (max-width: 212px) 100vw, 212px\" \/><\/p>\n<p><img loading=\"lazy\" decoding=\"async\" class=\"size-medium wp-image-3240 alignleft\" src=\"http:\/\/gcmennecy.fr\/wp-content\/uploads\/2019\/11\/TELETHON-2019-VILLAGE-212x300.jpg\" alt=\"\" width=\"212\" height=\"300\" srcset=\"https:\/\/gcmennecy.fr\/wp-content\/uploads\/2019\/11\/TELETHON-2019-VILLAGE-212x300.jpg 212w, https:\/\/gcmennecy.fr\/wp-content\/uploads\/2019\/11\/TELETHON-2019-VILLAGE-768x1086.jpg 768w, https:\/\/gcmennecy.fr\/wp-content\/uploads\/2019\/11\/TELETHON-2019-VILLAGE-724x1024.jpg 724w, https:\/\/gcmennecy.fr\/wp-content\/uploads\/2019\/11\/TELETHON-2019-VILLAGE.jpg 905w\" sizes=\"auto, (max-width: 212px) 100vw, 212px\" \/><\/p>\n<p>&nbsp;<\/p>\n<p>&nbsp;<\/p>\n<p>&nbsp;<\/p>\n<p>&nbsp;<\/p>\n<p>&nbsp;<\/p>\n<p>&nbsp;<\/p>\n<p>&nbsp;<\/p>\n<p style=\"text-align: center;\"><span style=\"color: #ff0000;\"><strong>TOUS ENSEMBLE POUR VAINCRE LA MALADIE !<\/strong><\/span><\/p>\n","protected":false},"excerpt":{"rendered":"<p>&#8211; TELETHON\u00a02019 &#8211; \ud83d\udc9b\u00a0&#8211; Cette ann\u00e9e encore, le GCM s&rsquo;engage au profit du TELETHON! La semaine du 2 au 8 d\u00e9cembre sera ponctu\u00e9e tous les jours, par des go\u00fbters (boisson+cr\u00eape) &#8230;<\/p>\n","protected":false},"author":1,"featured_media":3227,"comment_status":"open","ping_status":"open","sticky":false,"template":"","format":"standard","meta":{"_jetpack_newsletter_access":"","_jetpack_dont_email_post_to_subs":false,"_jetpack_newsletter_tier_id":0,"_jetpack_memberships_contains_paywalled_content":false,"_jetpack_memberships_contains_paid_content":false,"footnotes":""},"categories":[5,11,18],"tags":[],"class_list":["post-3226","post","type-post","status-publish","format-standard","has-post-thumbnail","hentry","category-actualites","category-newsletter","category-telethon"],"jetpack_featured_media_url":"https:\/\/gcmennecy.fr\/wp-content\/uploads\/2019\/11\/TELETHON-2019-GCM.jpg","jetpack_sharing_enabled":true,"jetpack_shortlink":"https:\/\/wp.me\/p8Uk5b-Q2","_links":{"self":[{"href":"https:\/\/www.gcmennecy.fr\/index.php\/wp-json\/wp\/v2\/posts\/3226","targetHints":{"allow":["GET"]}}],"collection":[{"href":"https:\/\/www.gcmennecy.fr\/index.php\/wp-json\/wp\/v2\/posts"}],"about":[{"href":"https:\/\/www.gcmennecy.fr\/index.php\/wp-json\/wp\/v2\/types\/post"}],"author":[{"embeddable":true,"href":"https:\/\/www.gcmennecy.fr\/index.php\/wp-json\/wp\/v2\/users\/1"}],"replies":[{"embeddable":true,"href":"https:\/\/www.gcmennecy.fr\/index.php\/wp-json\/wp\/v2\/comments?post=3226"}],"version-history":[{"count":6,"href":"https:\/\/www.gcmennecy.fr\/index.php\/wp-json\/wp\/v2\/posts\/3226\/revisions"}],"predecessor-version":[{"id":3244,"href":"https:\/\/www.gcmennecy.fr\/index.php\/wp-json\/wp\/v2\/posts\/3226\/revisions\/3244"}],"wp:featuredmedia":[{"embeddable":true,"href":"https:\/\/www.gcmennecy.fr\/index.php\/wp-json\/wp\/v2\/media\/3227"}],"wp:attachment":[{"href":"https:\/\/www.gcmennecy.fr\/index.php\/wp-json\/wp\/v2\/media?parent=3226"}],"wp:term":[{"taxonomy":"category","embeddable":true,"href":"https:\/\/www.gcmennecy.fr\/index.php\/wp-json\/wp\/v2\/categories?post=3226"},{"taxonomy":"post_tag","embeddable":true,"href":"https:\/\/www.gcmennecy.fr\/index.php\/wp-json\/wp\/v2\/tags?post=3226"}],"curies":[{"name":"wp","href":"https:\/\/api.w.org\/{rel}","templated":true}]}}