{"id":2998,"date":"2019-06-01T00:13:47","date_gmt":"2019-05-31T22:13:47","guid":{"rendered":"http:\/\/www.gcmennecy.fr\/?p=2998"},"modified":"2019-06-27T23:35:10","modified_gmt":"2019-06-27T21:35:10","slug":"fete-de-la-babygym-dimanche-30-06","status":"publish","type":"post","link":"https:\/\/www.gcmennecy.fr\/index.php\/2019\/06\/01\/fete-de-la-babygym-dimanche-30-06\/","title":{"rendered":"F\u00eate de la BABYGYM &#8211;> Dimanche 30\/06"},"content":{"rendered":"<p><strong>Le dimanche 30\/06<\/strong>, tous nos groupes <strong>Babygyms <\/strong>\u00a0des mercredi, samedi et dimanche se retrouveront <strong>\u00a0<span style=\"color: #ff0000;\">de 9h \u00e0 10h30<\/span> <del>10h \u00e0 12h<\/del><\/strong>, (en ext\u00e9rieur si le temps le permet), avec leurs parents pour une s\u00e9ance collective et festive <del>qui se cl\u00f4turera par un pique-nique (tir\u00e9 du panier, merci \u00e0 chacun d&rsquo;amener un petit quelquechose).<\/del><\/p>\n<p>Si vous souhaitez venir d\u00e9couvrir la Babygym, c&rsquo;est le moment ! Nous accueillerons tous nos \u00e9l\u00e8ves Babygym de l&rsquo;ann\u00e9e et \u00e9galement les \u00e9ventuels futurs Babygym de septembre !<\/p>\n<p style=\"text-align: center;\"><span style=\"color: #0000ff;\"><strong>Alors RDV au Complexe Alexandre Rideau &#8211; Gymnase Violette <\/strong><\/span><span style=\"color: #0000ff;\"><strong>le Dimanche 30\/06 <span style=\"font-size: 1rem;\">pour la grande FETE DE LA BABYGYM.<\/span><\/strong><\/span><\/p>\n<p style=\"text-align: left;\"><img loading=\"lazy\" decoding=\"async\" class=\" wp-image-3005 aligncenter\" src=\"http:\/\/gcmennecy.fr\/wp-content\/uploads\/2019\/06\/affiche-f\u00eate-baby-212x300.jpg\" alt=\"\" width=\"333\" height=\"471\" srcset=\"https:\/\/gcmennecy.fr\/wp-content\/uploads\/2019\/06\/affiche-f\u00eate-baby-212x300.jpg 212w, https:\/\/gcmennecy.fr\/wp-content\/uploads\/2019\/06\/affiche-f\u00eate-baby-768x1086.jpg 768w, https:\/\/gcmennecy.fr\/wp-content\/uploads\/2019\/06\/affiche-f\u00eate-baby-724x1024.jpg 724w, https:\/\/gcmennecy.fr\/wp-content\/uploads\/2019\/06\/affiche-f\u00eate-baby.jpg 794w\" sizes=\"auto, (max-width: 333px) 100vw, 333px\" \/><\/p>\n","protected":false},"excerpt":{"rendered":"<p>Le dimanche 30\/06, tous nos groupes Babygyms \u00a0des mercredi, samedi et dimanche se retrouveront \u00a0de 9h \u00e0 10h30 10h \u00e0 12h, (en ext\u00e9rieur si le temps le permet), avec leurs &#8230;<\/p>\n","protected":false},"author":1,"featured_media":0,"comment_status":"open","ping_status":"open","sticky":false,"template":"","format":"standard","meta":{"_jetpack_newsletter_access":"","_jetpack_dont_email_post_to_subs":false,"_jetpack_newsletter_tier_id":0,"_jetpack_memberships_contains_paywalled_content":false,"_jetpack_memberships_contains_paid_content":false,"footnotes":""},"categories":[5,14,16],"tags":[],"class_list":["post-2998","post","type-post","status-publish","format-standard","hentry","category-actualites","category-babygym","category-inscriptions"],"jetpack_featured_media_url":"","jetpack_sharing_enabled":true,"jetpack_shortlink":"https:\/\/wp.me\/p8Uk5b-Mm","_links":{"self":[{"href":"https:\/\/www.gcmennecy.fr\/index.php\/wp-json\/wp\/v2\/posts\/2998","targetHints":{"allow":["GET"]}}],"collection":[{"href":"https:\/\/www.gcmennecy.fr\/index.php\/wp-json\/wp\/v2\/posts"}],"about":[{"href":"https:\/\/www.gcmennecy.fr\/index.php\/wp-json\/wp\/v2\/types\/post"}],"author":[{"embeddable":true,"href":"https:\/\/www.gcmennecy.fr\/index.php\/wp-json\/wp\/v2\/users\/1"}],"replies":[{"embeddable":true,"href":"https:\/\/www.gcmennecy.fr\/index.php\/wp-json\/wp\/v2\/comments?post=2998"}],"version-history":[{"count":5,"href":"https:\/\/www.gcmennecy.fr\/index.php\/wp-json\/wp\/v2\/posts\/2998\/revisions"}],"predecessor-version":[{"id":3061,"href":"https:\/\/www.gcmennecy.fr\/index.php\/wp-json\/wp\/v2\/posts\/2998\/revisions\/3061"}],"wp:attachment":[{"href":"https:\/\/www.gcmennecy.fr\/index.php\/wp-json\/wp\/v2\/media?parent=2998"}],"wp:term":[{"taxonomy":"category","embeddable":true,"href":"https:\/\/www.gcmennecy.fr\/index.php\/wp-json\/wp\/v2\/categories?post=2998"},{"taxonomy":"post_tag","embeddable":true,"href":"https:\/\/www.gcmennecy.fr\/index.php\/wp-json\/wp\/v2\/tags?post=2998"}],"curies":[{"name":"wp","href":"https:\/\/api.w.org\/{rel}","templated":true}]}}