{"id":2869,"date":"2019-05-06T02:16:58","date_gmt":"2019-05-06T00:16:58","guid":{"rendered":"http:\/\/www.gcmennecy.fr\/?p=2869"},"modified":"2019-05-13T00:09:56","modified_gmt":"2019-05-12T22:09:56","slug":"mercredi-08-05-ferie-pas-de-cours","status":"publish","type":"post","link":"https:\/\/www.gcmennecy.fr\/index.php\/2019\/05\/06\/mercredi-08-05-ferie-pas-de-cours\/","title":{"rendered":"Mercredi 08\/05 : FERIE : pas de cours"},"content":{"rendered":"<p>Bonjour,<\/p>\n<p><strong>Ce <span style=\"color: #0000ff;\">mercredi 08\/05<\/span> \u00e9tant FERIE, <span style=\"color: #0000ff;\">AUCUN COURS<\/span> (Babygym, Ecole de Gym, Loisirs, Adultes) ne sera assur\u00e9.<\/strong><\/p>\n<p><img loading=\"lazy\" decoding=\"async\" class=\"size-medium wp-image-2870 aligncenter\" src=\"http:\/\/gcmennecy.fr\/wp-content\/uploads\/2019\/05\/8mai-300x216.jpg\" alt=\"\" width=\"300\" height=\"216\" srcset=\"https:\/\/gcmennecy.fr\/wp-content\/uploads\/2019\/05\/8mai-300x216.jpg 300w, https:\/\/gcmennecy.fr\/wp-content\/uploads\/2019\/05\/8mai.jpg 465w\" sizes=\"auto, (max-width: 300px) 100vw, 300px\" \/><\/p>\n<p>Seules les gymnastes ayant comp\u00e9tition le 12 Mai ou le 18 Mai sont susceptibles d&rsquo;avoir une s\u00e9ance de pr\u00e9pa compet. Les gymnastes concern\u00e9es seront contact\u00e9es individuellement par les entra\u00eeneurs.<\/p>\n<p><strong>Merci et bonne reprise \u00e0 tou(te)s.<\/strong><\/p>\n<p>&nbsp;<\/p>\n","protected":false},"excerpt":{"rendered":"<p>Bonjour, Ce mercredi 08\/05 \u00e9tant FERIE, AUCUN COURS (Babygym, Ecole de Gym, Loisirs, Adultes) ne sera assur\u00e9. Seules les gymnastes ayant comp\u00e9tition le 12 Mai ou le 18 Mai sont &#8230;<\/p>\n","protected":false},"author":1,"featured_media":0,"comment_status":"open","ping_status":"open","sticky":false,"template":"","format":"standard","meta":{"_jetpack_newsletter_access":"","_jetpack_dont_email_post_to_subs":false,"_jetpack_newsletter_tier_id":0,"_jetpack_memberships_contains_paywalled_content":false,"_jetpack_memberships_contains_paid_content":false,"footnotes":""},"categories":[1],"tags":[],"class_list":["post-2869","post","type-post","status-publish","format-standard","hentry","category-non-classe"],"jetpack_featured_media_url":"","jetpack_sharing_enabled":true,"jetpack_shortlink":"https:\/\/wp.me\/p8Uk5b-Kh","_links":{"self":[{"href":"https:\/\/www.gcmennecy.fr\/index.php\/wp-json\/wp\/v2\/posts\/2869","targetHints":{"allow":["GET"]}}],"collection":[{"href":"https:\/\/www.gcmennecy.fr\/index.php\/wp-json\/wp\/v2\/posts"}],"about":[{"href":"https:\/\/www.gcmennecy.fr\/index.php\/wp-json\/wp\/v2\/types\/post"}],"author":[{"embeddable":true,"href":"https:\/\/www.gcmennecy.fr\/index.php\/wp-json\/wp\/v2\/users\/1"}],"replies":[{"embeddable":true,"href":"https:\/\/www.gcmennecy.fr\/index.php\/wp-json\/wp\/v2\/comments?post=2869"}],"version-history":[{"count":1,"href":"https:\/\/www.gcmennecy.fr\/index.php\/wp-json\/wp\/v2\/posts\/2869\/revisions"}],"predecessor-version":[{"id":2871,"href":"https:\/\/www.gcmennecy.fr\/index.php\/wp-json\/wp\/v2\/posts\/2869\/revisions\/2871"}],"wp:attachment":[{"href":"https:\/\/www.gcmennecy.fr\/index.php\/wp-json\/wp\/v2\/media?parent=2869"}],"wp:term":[{"taxonomy":"category","embeddable":true,"href":"https:\/\/www.gcmennecy.fr\/index.php\/wp-json\/wp\/v2\/categories?post=2869"},{"taxonomy":"post_tag","embeddable":true,"href":"https:\/\/www.gcmennecy.fr\/index.php\/wp-json\/wp\/v2\/tags?post=2869"}],"curies":[{"name":"wp","href":"https:\/\/api.w.org\/{rel}","templated":true}]}}