{"id":2393,"date":"2018-10-06T18:03:32","date_gmt":"2018-10-06T16:03:32","guid":{"rendered":"http:\/\/www.gcmennecy.fr\/?p=2393"},"modified":"2018-10-07T00:58:29","modified_gmt":"2018-10-06T22:58:29","slug":"internationaux-de-france-le-gcm-y-etait","status":"publish","type":"post","link":"https:\/\/www.gcmennecy.fr\/index.php\/2018\/10\/06\/internationaux-de-france-le-gcm-y-etait\/","title":{"rendered":"INTERNATIONAUX DE FRANCE : Le GCM y \u00e9tait !!!"},"content":{"rendered":"<p>Petit retour sur le week-end dernier \u00e0 l&rsquo;ambiance extraordinaire.<\/p>\n<p><img loading=\"lazy\" decoding=\"async\" class=\"size-medium wp-image-2400 alignleft\" src=\"http:\/\/gcmennecy.fr\/wp-content\/uploads\/2018\/10\/FB_IMG_1538866280832-225x300.jpg\" alt=\"\" width=\"225\" height=\"300\" srcset=\"https:\/\/gcmennecy.fr\/wp-content\/uploads\/2018\/10\/FB_IMG_1538866280832-225x300.jpg 225w, https:\/\/gcmennecy.fr\/wp-content\/uploads\/2018\/10\/FB_IMG_1538866280832.jpg 720w\" sizes=\"auto, (max-width: 225px) 100vw, 225px\" \/><br \/>\n<span style=\"font-size: 1rem;\">Sur 10 agr\u00e8s (6 agr\u00e8s GAM, 4 agr\u00e8s GAF) ce sont 10 gymnastes qui ont port\u00e9 fi\u00e8rement les couleurs fran\u00e7aises et ont r\u00e9colt\u00e9 pas moins de 7 m\u00e9dailles, dont 5 en OR !<\/span><\/p>\n<p>Tous les r\u00e9sultats sont ici sur le site de la F\u00e9d\u00e9ration Fran\u00e7aise de Gymnastique :\u00a0\u00a0<a href=\"https:\/\/www.ffgym.fr\/Actualite\/2018_-_09_-_g_a_m-g_a_f__i_d_f_2018__qualifs_samedi_2\">R\u00e9sum\u00e9 Internationaux de France de Paris-Bercy<\/a><\/p>\n<p>&nbsp;<\/p>\n<p><img loading=\"lazy\" decoding=\"async\" class=\"size-medium wp-image-2399 aligncenter\" src=\"http:\/\/gcmennecy.fr\/wp-content\/uploads\/2018\/10\/FB_IMG_1538866271043-300x225.jpg\" alt=\"\" width=\"300\" height=\"225\" srcset=\"https:\/\/gcmennecy.fr\/wp-content\/uploads\/2018\/10\/FB_IMG_1538866271043-300x225.jpg 300w, https:\/\/gcmennecy.fr\/wp-content\/uploads\/2018\/10\/FB_IMG_1538866271043.jpg 720w\" sizes=\"auto, (max-width: 300px) 100vw, 300px\" \/><\/p>\n<p>Et pour le plaisir, 2 petites vid\u00e9os de Cyril Tommasone aux Ar\u00e7ons et de Loris Frasca au Saut :<\/p>\n<div style=\"width: 800px;\" class=\"wp-video\"><!--[if lt IE 9]><script>document.createElement('video');<\/script><![endif]-->\n<video class=\"wp-video-shortcode\" id=\"video-2393-1\" width=\"800\" height=\"450\" preload=\"metadata\" controls=\"controls\"><source type=\"video\/mp4\" src=\"http:\/\/gcmennecy.fr\/wp-content\/uploads\/2018\/10\/Cyril-Tomasonne.mp4?_=1\" \/><a href=\"http:\/\/gcmennecy.fr\/wp-content\/uploads\/2018\/10\/Cyril-Tomasonne.mp4\">http:\/\/gcmennecy.fr\/wp-content\/uploads\/2018\/10\/Cyril-Tomasonne.mp4<\/a><\/video><\/div>\n<div style=\"width: 800px;\" class=\"wp-video\"><video class=\"wp-video-shortcode\" id=\"video-2393-2\" width=\"800\" height=\"450\" preload=\"metadata\" controls=\"controls\"><source type=\"video\/mp4\" src=\"http:\/\/gcmennecy.fr\/wp-content\/uploads\/2018\/10\/Loris-Frasca-Saut.mp4?_=2\" \/><a href=\"http:\/\/gcmennecy.fr\/wp-content\/uploads\/2018\/10\/Loris-Frasca-Saut.mp4\">http:\/\/gcmennecy.fr\/wp-content\/uploads\/2018\/10\/Loris-Frasca-Saut.mp4<\/a><\/video><\/div>\n<p>Vivement la prochaine \u00e9dition les 14 et 15 septembre 2019!! R\u00e9servez d\u00e9j\u00e0 les dates dans vos calendriers!<\/p>\n<p>&nbsp;<\/p>\n<p>&nbsp;<\/p>\n","protected":false},"excerpt":{"rendered":"<p>Petit retour sur le week-end dernier \u00e0 l&rsquo;ambiance extraordinaire. Sur 10 agr\u00e8s (6 agr\u00e8s GAM, 4 agr\u00e8s GAF) ce sont 10 gymnastes qui ont port\u00e9 fi\u00e8rement les couleurs fran\u00e7aises et &#8230;<\/p>\n","protected":false},"author":1,"featured_media":0,"comment_status":"open","ping_status":"open","sticky":false,"template":"","format":"standard","meta":{"_jetpack_newsletter_access":"","_jetpack_dont_email_post_to_subs":false,"_jetpack_newsletter_tier_id":0,"_jetpack_memberships_contains_paywalled_content":false,"_jetpack_memberships_contains_paid_content":false,"footnotes":""},"categories":[5,13,11,1,6],"tags":[],"class_list":["post-2393","post","type-post","status-publish","format-standard","hentry","category-actualites","category-competitions","category-newsletter","category-non-classe","category-resultats"],"jetpack_featured_media_url":"","jetpack_sharing_enabled":true,"jetpack_shortlink":"https:\/\/wp.me\/p8Uk5b-CB","_links":{"self":[{"href":"https:\/\/www.gcmennecy.fr\/index.php\/wp-json\/wp\/v2\/posts\/2393","targetHints":{"allow":["GET"]}}],"collection":[{"href":"https:\/\/www.gcmennecy.fr\/index.php\/wp-json\/wp\/v2\/posts"}],"about":[{"href":"https:\/\/www.gcmennecy.fr\/index.php\/wp-json\/wp\/v2\/types\/post"}],"author":[{"embeddable":true,"href":"https:\/\/www.gcmennecy.fr\/index.php\/wp-json\/wp\/v2\/users\/1"}],"replies":[{"embeddable":true,"href":"https:\/\/www.gcmennecy.fr\/index.php\/wp-json\/wp\/v2\/comments?post=2393"}],"version-history":[{"count":9,"href":"https:\/\/www.gcmennecy.fr\/index.php\/wp-json\/wp\/v2\/posts\/2393\/revisions"}],"predecessor-version":[{"id":2406,"href":"https:\/\/www.gcmennecy.fr\/index.php\/wp-json\/wp\/v2\/posts\/2393\/revisions\/2406"}],"wp:attachment":[{"href":"https:\/\/www.gcmennecy.fr\/index.php\/wp-json\/wp\/v2\/media?parent=2393"}],"wp:term":[{"taxonomy":"category","embeddable":true,"href":"https:\/\/www.gcmennecy.fr\/index.php\/wp-json\/wp\/v2\/categories?post=2393"},{"taxonomy":"post_tag","embeddable":true,"href":"https:\/\/www.gcmennecy.fr\/index.php\/wp-json\/wp\/v2\/tags?post=2393"}],"curies":[{"name":"wp","href":"https:\/\/api.w.org\/{rel}","templated":true}]}}