{"id":2196,"date":"2018-07-11T01:19:17","date_gmt":"2018-07-10T23:19:17","guid":{"rendered":"http:\/\/www.gcmennecy.fr\/?p=2196"},"modified":"2018-08-27T03:12:55","modified_gmt":"2018-08-27T01:12:55","slug":"inscriptions-et-reinscriptions","status":"publish","type":"post","link":"https:\/\/www.gcmennecy.fr\/index.php\/2018\/07\/11\/inscriptions-et-reinscriptions\/","title":{"rendered":"INSCRIPTIONS et REINSCRIPTIONS"},"content":{"rendered":"<p><strong>Les<\/strong> <strong><span style=\"color: #ff0000;\">inscriptions d\u00e9finitives se feront\u00a0 fin ao\u00fbt<\/span>, probablement avec possibilit\u00e9 d&rsquo;inscription et m\u00eame peut-\u00eatre de paiement par internet.<\/strong><\/p>\n<p><strong>Nous ne sommes pas encore en mesure de vous donner des jours et heures d&rsquo;entra\u00eenement.<\/strong> Tout d\u00e9pendra du nombre d\u2019inscrits dans chaque niveau et\/ou tranche d\u2019\u00e2ge et \u00e9galement de la disponibilit\u00e9 de nos entra\u00eeneurs.<\/p>\n<p><span style=\"color: #0000ff;\"><strong><u>Pour les nouvelles inscriptions:<\/u><\/strong><\/span><br \/>\nAfin de vous <strong>\u00ab\u00a0pr\u00e9-inscrire\u00a0\u00bb<\/strong>, merci de nous envoyer un mail \u00e0 l\u2019adresse <span style=\"color: #0000ff;\"><strong><a style=\"color: #0000ff;\" href=\"mailto:bureau@gcmennecy.fr\">bureau@gcmennecy.fr<\/a><\/strong> <\/span><br \/>\n* <strong>en mentionnant<\/strong> en objet de votre mail :<em>\u00a0<\/em><strong><em>NOUVELLE INSCRIPTION\u00a0 + Nom\/Pr\u00e9nom\u00a0<\/em><\/strong><span style=\"font-size: 1rem;\"><br \/>\n* <strong>et en nous pr\u00e9cisant<\/strong> dans le mail :\u00a0<\/span><em>Nom, Pr\u00e9nom, <strong>Date de naissance<\/strong>, <strong>Commune de r\u00e9sidence<\/strong>, <strong>Niveau<\/strong> (d\u00e9butant ou nombre d\u2019ann\u00e9es de pratique de la gym).\u00a0<\/em><\/p>\n<p><span style=\"color: #0000ff;\"><strong><u>Pour les r\u00e9inscriptions :<\/u><\/strong><\/span><br \/>\nNous vous remercions de <strong>nous faire savoir <\/strong><span style=\"color: #ff0000;\"><span style=\"color: #000000;\"><strong>via e-mail adress\u00e9 \u00e0<\/strong><\/span> <strong><span style=\"color: #0000ff;\"><a style=\"color: #0000ff;\" href=\"mailto:bureau@gcmennecy.fr\">bureau@gcmennecy.fr<\/a><\/span><\/strong><\/span><strong> ,\u00a0si vous souhaitez <\/strong><strong>r\u00e9inscrire votre enfant pour la saison prochaine <\/strong>(en mentionnant en objet de votre mail &#8211; <em>REINSCRIPTION +Nom\/Pr\u00e9nom<\/em>) , auquel cas nous en tiendrons bien s\u00fbr compte dans nos \u00ab\u00a0pr\u00e9-inscrits\u00a0\u00bb.<\/p>\n<p><span style=\"color: #0000ff;\"><strong><u>Pour tous :<\/u><\/strong><\/span><br \/>\n<span style=\"color: #ff0000;\"><strong>Nous vous recontacterons d\u00e8s l&rsquo;ouverture des inscriptions.<\/strong><\/span><\/p>\n<p>Nous vous invitons\u00a0 d\u2019ores et d\u00e9j\u00e0 \u00e0 pr\u00e9voir de nous fournir d\u00e8s la rentr\u00e9e <strong>une <span style=\"color: #ff0000;\">photo d\u2019identit\u00e9<\/span> de votre enfant<\/strong> ainsi qu\u2019un <span style=\"color: #ff0000;\"><strong>certificat m\u00e9dical<\/strong><\/span> de non contre-indication \u00e0 la pratique de la gymnastique, <strong>datant de moins de 3 mois<\/strong> (nous vous conseillons donc d\u00e8s \u00e0 pr\u00e9sent de prendre RDV chez votre m\u00e9decin avant les affluences de septembre).<\/p>\n<p>Si votre enfant \u00e9tait d\u00e9j\u00e0 inscrit chez nous l&rsquo;ann\u00e9e derni\u00e8re, le renouvellement du certificat m\u00e9dical n&rsquo;est pas obligatoire (vous pouvez remplir un questionnaire de sant\u00e9) mais reste fortement recommand\u00e9.<\/p>\n<p><strong>Attention : Pour les gymnastes Comp\u00e9tition Performance et\/ou Teamgym et\/ou Tumbling, le certificat m\u00e9dical doit OBLIGATOIREMENT \u00eatre renouvel\u00e9 chaque ann\u00e9e.<\/strong><\/p>\n<p>Enfin, sachez\u00a0que nous serons pr\u00e9sents au <span style=\"color: #008000;\"><strong>FORUM DES ASSOCIATIONS<\/strong><\/span> de Mennecy le <strong><span style=\"color: #008000;\">Samedi 8 septembre<\/span><\/strong> pour vous renseigner et pour y effectuer des d\u00e9monstrations et de petits essais.<\/p>\n<p><span style=\"color: #0000ff;\"><strong>Nous vous souhaitons de tr\u00e8s bonnes vacances et esp\u00e9rons vous revoir nombreux et en pleine forme \u00e0 la rentr\u00e9e.<\/strong><\/span><\/p>\n<p><strong>\u00a0<\/strong><strong>Sportivement,<\/strong><\/p>\n<p><strong>Toute l\u2019\u00e9quipe du GCM.<\/strong><\/p>\n","protected":false},"excerpt":{"rendered":"<p>Les inscriptions d\u00e9finitives se feront\u00a0 fin ao\u00fbt, probablement avec possibilit\u00e9 d&rsquo;inscription et m\u00eame peut-\u00eatre de paiement par internet. Nous ne sommes pas encore en mesure de vous donner des jours &#8230;<\/p>\n","protected":false},"author":1,"featured_media":2132,"comment_status":"open","ping_status":"open","sticky":false,"template":"","format":"standard","meta":{"_jetpack_newsletter_access":"","_jetpack_dont_email_post_to_subs":false,"_jetpack_newsletter_tier_id":0,"_jetpack_memberships_contains_paywalled_content":false,"_jetpack_memberships_contains_paid_content":false,"footnotes":""},"categories":[5,14,16,11,1],"tags":[],"class_list":["post-2196","post","type-post","status-publish","format-standard","has-post-thumbnail","hentry","category-actualites","category-babygym","category-inscriptions","category-newsletter","category-non-classe"],"jetpack_featured_media_url":"https:\/\/gcmennecy.fr\/wp-content\/uploads\/2018\/05\/inscription.png","jetpack_sharing_enabled":true,"jetpack_shortlink":"https:\/\/wp.me\/p8Uk5b-zq","_links":{"self":[{"href":"https:\/\/www.gcmennecy.fr\/index.php\/wp-json\/wp\/v2\/posts\/2196","targetHints":{"allow":["GET"]}}],"collection":[{"href":"https:\/\/www.gcmennecy.fr\/index.php\/wp-json\/wp\/v2\/posts"}],"about":[{"href":"https:\/\/www.gcmennecy.fr\/index.php\/wp-json\/wp\/v2\/types\/post"}],"author":[{"embeddable":true,"href":"https:\/\/www.gcmennecy.fr\/index.php\/wp-json\/wp\/v2\/users\/1"}],"replies":[{"embeddable":true,"href":"https:\/\/www.gcmennecy.fr\/index.php\/wp-json\/wp\/v2\/comments?post=2196"}],"version-history":[{"count":4,"href":"https:\/\/www.gcmennecy.fr\/index.php\/wp-json\/wp\/v2\/posts\/2196\/revisions"}],"predecessor-version":[{"id":2204,"href":"https:\/\/www.gcmennecy.fr\/index.php\/wp-json\/wp\/v2\/posts\/2196\/revisions\/2204"}],"wp:featuredmedia":[{"embeddable":true,"href":"https:\/\/www.gcmennecy.fr\/index.php\/wp-json\/wp\/v2\/media\/2132"}],"wp:attachment":[{"href":"https:\/\/www.gcmennecy.fr\/index.php\/wp-json\/wp\/v2\/media?parent=2196"}],"wp:term":[{"taxonomy":"category","embeddable":true,"href":"https:\/\/www.gcmennecy.fr\/index.php\/wp-json\/wp\/v2\/categories?post=2196"},{"taxonomy":"post_tag","embeddable":true,"href":"https:\/\/www.gcmennecy.fr\/index.php\/wp-json\/wp\/v2\/tags?post=2196"}],"curies":[{"name":"wp","href":"https:\/\/api.w.org\/{rel}","templated":true}]}}