{"id":1679,"date":"2018-01-27T00:57:09","date_gmt":"2018-01-26T23:57:09","guid":{"rendered":"http:\/\/www.gcmennecy.fr\/?p=1679"},"modified":"2018-01-31T01:00:30","modified_gmt":"2018-01-31T00:00:30","slug":"rappel-reglement-de-ladherent","status":"publish","type":"post","link":"https:\/\/www.gcmennecy.fr\/index.php\/2018\/01\/27\/rappel-reglement-de-ladherent\/","title":{"rendered":"Rappel : REGLEMENT DE L&rsquo;ADHERENT"},"content":{"rendered":"<p><strong>SAISON 2017\u00a0\/ 2018<\/strong><\/p>\n<p><strong>REGLEMENT DE L\u2019ADHERENT<\/strong><\/p>\n<p><strong>\u00a0<\/strong><strong>.<\/strong> L\u2019adh\u00e9rent est inscrit dans un groupe, il se pr\u00e9sente \u00e0 ses cours aux horaires indiqu\u00e9s. <strong><em>Il ne pourra p\u00e9n\u00e9trer dans la<\/em><\/strong> <strong><em>salle d\u2019entra\u00eenement qu\u2019en pr\u00e9sence de son entra\u00eeneur et \u00e0 l\u2019heure pr\u00e9cise<\/em><\/strong><strong>.<\/strong> Il quittera la salle d\u2019entra\u00eenement \u00e0 l\u2019issue de sa s\u00e9ance. <strong><em>Nous vous demandons de respecter les horaires car aucune \u00ab\u00a0garderie\u00a0\u00bb ne peut \u00eatre possible<\/em>.<\/strong> En dehors de ceux-ci, nous d\u00e9clinons toute responsabilit\u00e9. En cas de retards r\u00e9p\u00e9t\u00e9s et non justifi\u00e9s, l\u2019adh\u00e9rent pourrait se voir refuser l\u2019acc\u00e8s \u00e0 l\u2019entra\u00eenement.<\/p>\n<p><strong>. \u00a0<\/strong>Les parents accompagnant leur enfant, resteront dans le hall d\u2019entr\u00e9e du gymnase. Ils v\u00e9rifieront la pr\u00e9sence \u00a0\u00a0de l\u2019entra\u00eeneur avant de quitter l\u2019enceinte du gymnase.<strong> <em>Nul n\u2019est autoris\u00e9 \u00e0 interrompre les s\u00e9ances pour<\/em> <em>s\u2019entretenir<\/em><\/strong><em> <strong>avec<\/strong><\/em><strong> <em>l\u2019entra\u00eeneur<\/em><\/strong><em>.<\/em><\/p>\n<p><strong>. <em>Toute personne non licenci\u00e9e au Gymnastique Club de Mennecy, ou en dehors de ses cours si adh\u00e9rent, n\u2019est autoris\u00e9e \u00e0 p\u00e9n\u00e9trer dans la salle. De m\u00eame, au risque d\u2019exclusion imm\u00e9diate, il est interdit d\u2019y inviter des \u00ab\u00a0copains\u00a0\u00bb.<\/em><\/strong><\/p>\n<p><strong>.\u00a0 <\/strong>L\u2019adh\u00e9rent se pr\u00e9sente \u00e0 ses cours, muni d\u2019une tenue de sport correcte et adapt\u00e9e (justaucorps, short, tee-shirt, cycliste, jogging, chaussons de gym ou <strong><em>chaussettes blanches obligatoires pour tous,<\/em><\/strong> <strong><em>(y compris pour les accompagnants<\/em><\/strong> <strong><em>des baby-gym)<\/em><\/strong><strong><em>.<\/em><\/strong> Les cheveux longs sont attach\u00e9s et le chewing-gum est interdit. Les signes religieux ne sont pas autoris\u00e9s durant les entra\u00eenements. On ne mange pas dans la salle d\u2019entra\u00eenement et les bouteilles d\u2019eau ou toute autre boisson, restent dans l\u2019espace d\u2019accueil. Tout adh\u00e9rent s\u2019engage \u00e0 respecter le mat\u00e9riel et \u00e0 en faire bon usage.<\/p>\n<p><strong>.<\/strong> L\u2019adh\u00e9rent respectera son entra\u00eeneur, les dirigeants du G.C.Mennecy, ses camarades d\u2019\u00e9quipe ainsi que toute personne travaillant ou s\u2019entra\u00eenant aux m\u00eames heures. A d\u00e9faut, apr\u00e8s 2 avertissements, l\u2019adh\u00e9rent concern\u00e9 risquera l\u2019exclusion.<\/p>\n<p><strong>.\u00a0 <\/strong>Les adh\u00e9rents inscrits dans les groupes comp\u00e9titions, devront avoir la tenue du club ainsi qu\u2019une trousse \u00e0 pharmacie personnelle contenant, petits ciseaux et pansements, d\u00e9sinfectant en spray et bande \u00e9lastoplaste.<\/p>\n<p><strong>.\u00a0 <em>Les p\u00e9nalit\u00e9s de d\u00e9sistement aux comp\u00e9titions sont \u00e0 la charge de l\u2019adh\u00e9rent absent (hors C. M\u00e9dical dans les d\u00e9lais).<\/em><\/strong><\/p>\n<p><strong>. <\/strong>A l\u2019exception des stages \u00e0 l\u2019intention des gymnastes comp\u00e9titeurs, le Gymnastique Club de Mennecy n\u2019assure aucun entra\u00eenement durant les cong\u00e9s scolaires.<\/p>\n<p><strong>.\u00a0 <\/strong>Pour des raisons de travaux ou tout autre motif ind\u00e9pendant de notre volont\u00e9 (calendrier, jours f\u00e9ri\u00e9s, etc.), des cours pourront \u00eatre annul\u00e9s.<\/p>\n<p><strong>. <em>Le Gym Club de Mennecy d\u00e9cline toute responsabilit\u00e9 en cas de perte, vol ou oubli des affaires personnelles des adh\u00e9rents.<\/em><\/strong> <strong><em>Bijoux et autres objets de valeur sont prohib\u00e9s.<\/em><\/strong><\/p>\n<p><strong>. \u00a0<\/strong>Une fois le dossier enregistr\u00e9, <strong>aucun remboursement ne sera accord\u00e9<\/strong> pour changement de planning ou convenances personnelles <em>(sauf en cas de modification du planning dont le club serait seul responsable et de ce fait, rendrait impossible la pr\u00e9sence du gymnaste).<\/em><\/p>\n","protected":false},"excerpt":{"rendered":"<p>SAISON 2017\u00a0\/ 2018 REGLEMENT DE L\u2019ADHERENT \u00a0. L\u2019adh\u00e9rent est inscrit dans un groupe, il se pr\u00e9sente \u00e0 ses cours aux horaires indiqu\u00e9s. Il ne pourra p\u00e9n\u00e9trer dans la salle d\u2019entra\u00eenement &#8230;<\/p>\n","protected":false},"author":1,"featured_media":0,"comment_status":"open","ping_status":"open","sticky":false,"template":"","format":"standard","meta":{"_jetpack_newsletter_access":"","_jetpack_dont_email_post_to_subs":false,"_jetpack_newsletter_tier_id":0,"_jetpack_memberships_contains_paywalled_content":false,"_jetpack_memberships_contains_paid_content":false,"footnotes":""},"categories":[5,16],"tags":[],"class_list":["post-1679","post","type-post","status-publish","format-standard","hentry","category-actualites","category-inscriptions"],"jetpack_featured_media_url":"","jetpack_sharing_enabled":true,"jetpack_shortlink":"https:\/\/wp.me\/p8Uk5b-r5","_links":{"self":[{"href":"https:\/\/www.gcmennecy.fr\/index.php\/wp-json\/wp\/v2\/posts\/1679","targetHints":{"allow":["GET"]}}],"collection":[{"href":"https:\/\/www.gcmennecy.fr\/index.php\/wp-json\/wp\/v2\/posts"}],"about":[{"href":"https:\/\/www.gcmennecy.fr\/index.php\/wp-json\/wp\/v2\/types\/post"}],"author":[{"embeddable":true,"href":"https:\/\/www.gcmennecy.fr\/index.php\/wp-json\/wp\/v2\/users\/1"}],"replies":[{"embeddable":true,"href":"https:\/\/www.gcmennecy.fr\/index.php\/wp-json\/wp\/v2\/comments?post=1679"}],"version-history":[{"count":1,"href":"https:\/\/www.gcmennecy.fr\/index.php\/wp-json\/wp\/v2\/posts\/1679\/revisions"}],"predecessor-version":[{"id":1680,"href":"https:\/\/www.gcmennecy.fr\/index.php\/wp-json\/wp\/v2\/posts\/1679\/revisions\/1680"}],"wp:attachment":[{"href":"https:\/\/www.gcmennecy.fr\/index.php\/wp-json\/wp\/v2\/media?parent=1679"}],"wp:term":[{"taxonomy":"category","embeddable":true,"href":"https:\/\/www.gcmennecy.fr\/index.php\/wp-json\/wp\/v2\/categories?post=1679"},{"taxonomy":"post_tag","embeddable":true,"href":"https:\/\/www.gcmennecy.fr\/index.php\/wp-json\/wp\/v2\/tags?post=1679"}],"curies":[{"name":"wp","href":"https:\/\/api.w.org\/{rel}","templated":true}]}}